{"id":6988,"date":"2021-11-30T15:49:03","date_gmt":"2021-11-30T14:49:03","guid":{"rendered":"https:\/\/csd-berlin.de\/teammentalegesundheit\/"},"modified":"2024-07-18T16:03:20","modified_gmt":"2024-07-18T14:03:20","slug":"teammentalegesundheit","status":"publish","type":"post","link":"https:\/\/csd-berlin.de\/en\/news\/teammentalegesundheit\/","title":{"rendered":"#MentaleGesundheit"},"content":{"rendered":"<p>[et_pb_section fb_built=&#8221;1&#8243; _builder_version=&#8221;4.16&#8243; _module_preset=&#8221;default&#8221; global_colors_info=&#8221;{}&#8221;][et_pb_row column_structure=&#8221;1_2,1_2&#8243; _builder_version=&#8221;4.16&#8243; _module_preset=&#8221;default&#8221; global_colors_info=&#8221;{}&#8221;][et_pb_column type=&#8221;1_2&#8243; _builder_version=&#8221;4.16&#8243; _module_preset=&#8221;default&#8221; global_colors_info=&#8221;{}&#8221;][et_pb_text _builder_version=&#8221;4.21.0&#8243; _module_preset=&#8221;default&#8221; global_colors_info=&#8221;{}&#8221;]<\/p>\n<div dir=\"auto\" style=\"text-align: justify;\">\n<div dir=\"ltr\">\n<p>Anna und Tobi st\u00e4rken in der Pride Saison 2022 w\u00f6chentlich Eure mentale Gesundheit. Ihr bekommt von uns Tipps f\u00fcr ein gesundes, selbstbestimmtes und friedliches Leben. Wir empfehlen Euch Methoden und kleine \u00dcbungen, die Ihr direkt im Alltag umsetzen k\u00f6nnt. Und wir werden euch Anlaufstellen pers\u00f6nlich vorstellen, wo Ihr Euch beraten und unterst\u00fctzen lassen k\u00f6nnt.<\/p>\n<\/div>\n<\/div>\n<div dir=\"auto\" style=\"text-align: justify;\"><\/div>\n<div dir=\"auto\">Wir sind:<\/div>\n<div dir=\"auto\"><\/div>\n<div dir=\"auto\">ANNA HOLFELD (45): Ich bin seit 12 Jahren Paartherapeutin in einem Laden f\u00fcr Beziehungen in Neuk\u00f6lln, bisexuell, Mutter von 2 Boys im Alter von 14 und 16 Jahren, Erfinderin der <span><a class=\"oajrlxb2 g5ia77u1 qu0x051f esr5mh6w e9989ue4 r7d6kgcz rq0escxv nhd2j8a9 nc684nl6 p7hjln8o kvgmc6g5 cxmmr5t8 oygrvhab hcukyx3x jb3vyjys rz4wbd8a qt6c0cv9 a8nywdso i1ao9s8h esuyzwwr f1sip0of lzcic4wl q66pz984 gpro0wi8 b1v8xokw\" href=\"https:\/\/www.facebook.com\/liebendgern\/?__cft__[0]=AZX0aGeIweYppX3e9xd_wfet7H6pE_-3TVYF9-N_65_Slr4wthvgh_ufC-ooZr27KPeUikA5EBBw2ULSh2GRR1EzuTaEBicVZEnzJWLSFg8y5h-_bezS7os6jfMFSxaK4Kp0dNv8W046pySf52PhcfSeWFLIr_AGfkmiCl_h4BF93T6Er5aPi28Stpl-wLBRlnk&amp;__tn__=kK-R\" role=\"link\" tabindex=\"0\"><span class=\"nc684nl6\">liebendgern<\/span><\/a><\/span> PAARBOX (<span><a class=\"oajrlxb2 g5ia77u1 qu0x051f esr5mh6w e9989ue4 r7d6kgcz rq0escxv nhd2j8a9 nc684nl6 p7hjln8o kvgmc6g5 cxmmr5t8 oygrvhab hcukyx3x jb3vyjys rz4wbd8a qt6c0cv9 a8nywdso i1ao9s8h esuyzwwr f1sip0of lzcic4wl py34i1dx gpro0wi8\" href=\"http:\/\/www.liebendgern.de\/?fbclid=IwAR0LjeHS2p2CBR1JSpx0-dRl60X-CKkLUdBPieiyknyHY4wESjpLH4DAnUA\" rel=\"nofollow noopener\" role=\"link\" target=\"_blank\" tabindex=\"0\">http:\/\/www.liebendgern.de\/<\/a><\/span>) gemeinsam mit meiner Partnerin Monique, bin seit 15 Jahren systemische Coach f\u00fcr Studien-, Berufs- und Lebensfragen, HP Psych.<\/div>\n<div dir=\"auto\">TOBIAS HERRMANN-SCHWARZ (35): Ich studiere Klinische- und Gesundheitspsychologie im Master an der FU Berlin, entwickle Interventionen im Bereich Digital Wellbeing, betreibe den LGBTQ+ YouTube Channel &#8220;saiboTeur&#8221;, Mentor bei <span><a class=\"oajrlxb2 g5ia77u1 qu0x051f esr5mh6w e9989ue4 r7d6kgcz rq0escxv nhd2j8a9 nc684nl6 p7hjln8o kvgmc6g5 cxmmr5t8 oygrvhab hcukyx3x jb3vyjys rz4wbd8a qt6c0cv9 a8nywdso i1ao9s8h esuyzwwr f1sip0of lzcic4wl q66pz984 gpro0wi8 b1v8xokw\" href=\"https:\/\/www.facebook.com\/queermentor\/\" role=\"link\" tabindex=\"0\"><span class=\"nc684nl6\">Queermentor<\/span><\/a><\/span> , bin seit 2017 mit meinem langj\u00e4hrigen Partner Michael verheiratet, Katzenmensch und gro\u00dfer Sailor Moon-Fan.<\/div>\n<div dir=\"auto\" style=\"text-align: justify;\">Ihr k\u00f6nnt uns bei pers\u00f6nlichen Fragen direkt anschreiben (DM) oder \u00fcber Email erreichen: <a href=\"mailto:tobias@csd-berlin.de\">tobias@csd-berlin.de<span>\u00a0<\/span><\/a><span>und<\/span><a href=\"mailto:anna@csd-berlin.de\"><span>\u00a0<\/span>anna@csd-berlin.de<\/a><\/div>\n<div dir=\"auto\" style=\"text-align: justify;\"><\/div>\n<div dir=\"auto\" style=\"text-align: justify;\"><\/div>\n<div dir=\"auto\" style=\"text-align: justify;\"><\/div>\n<div dir=\"auto\" style=\"text-align: justify;\"><\/div>\n<div dir=\"auto\" style=\"text-align: justify;\"><\/div>\n<p>[\/et_pb_text][et_pb_divider _builder_version=&#8221;4.16&#8243; _module_preset=&#8221;default&#8221; global_colors_info=&#8221;{}&#8221;][\/et_pb_divider][et_pb_image src=&#8221;https:\/\/csd-berlin.de\/wp-content\/uploads\/2021\/11\/262665927_10159432900684597_1385958466165688520_n.png&#8221; title_text=&#8221;#teammentalegesundheit&#8221; _builder_version=&#8221;4.16&#8243; _module_preset=&#8221;default&#8221; global_colors_info=&#8221;{}&#8221;][\/et_pb_image][\/et_pb_column][et_pb_column type=&#8221;1_2&#8243; _builder_version=&#8221;4.16&#8243; _module_preset=&#8221;default&#8221; global_colors_info=&#8221;{}&#8221;][et_pb_image src=&#8221;https:\/\/csd-berlin.de\/wp-content\/uploads\/2021\/11\/261300810_10159432930614597_4942488405804158649_n.jpg&#8221; title_text=&#8221;anna holfeld&#8221; url=&#8221;http:\/\/www.liebendgern.de&#8221; url_new_window=&#8221;on&#8221; _builder_version=&#8221;4.16&#8243; _module_preset=&#8221;default&#8221; global_colors_info=&#8221;{}&#8221;][\/et_pb_image][et_pb_image src=&#8221;https:\/\/csd-berlin.de\/wp-content\/uploads\/2021\/11\/261683160_10159432932394597_3341059239266363884_n.jpg&#8221; title_text=&#8221;TOBIAS HERRMANN-SCHWARZ &#8221; url=&#8221;https:\/\/www.facebook.com\/queermentor\/&#8221; url_new_window=&#8221;on&#8221; _builder_version=&#8221;4.16&#8243; _module_preset=&#8221;default&#8221; global_colors_info=&#8221;{}&#8221;][\/et_pb_image][\/et_pb_column][\/et_pb_row][\/et_pb_section]<\/p>\n","protected":false},"excerpt":{"rendered":"<p>Anna und Tobi st\u00e4rken ab heute jeden Montag w\u00f6chentlich Eure mentale Gesundheit. Ihr bekommt von uns Tipps f\u00fcr ein gesundes, selbstbestimmtes und friedliches Leben. Wir empfehlen Euch Methoden und kleine \u00dcbungen, die Ihr direkt im Alltag umsetzen k\u00f6nnt. Und wir werden euch Anlaufstellen pers\u00f6nlich vorstellen, wo Ihr Euch beraten und unterst\u00fctzen lassen k\u00f6nnt.<\/p>\n","protected":false},"author":5,"featured_media":5971,"comment_status":"closed","ping_status":"closed","sticky":false,"template":"","format":"standard","meta":{"_acf_changed":false,"_et_pb_use_builder":"on","_et_pb_old_content":"","_et_gb_content_width":"","inline_featured_image":false,"footnotes":""},"categories":[109],"tags":[],"class_list":["post-6988","post","type-post","status-publish","format-standard","has-post-thumbnail","hentry","category-uncategorized"],"acf":[],"yoast_head":"<!-- This site is optimized with the Yoast SEO plugin v27.0 - https:\/\/yoast.com\/product\/yoast-seo-wordpress\/ -->\n<title>#MentaleGesundheit &#8211; Berlin Pride | CSD Berlin 25.07.2026<\/title>\n<meta name=\"robots\" content=\"index, follow, max-snippet:-1, max-image-preview:large, max-video-preview:-1\" \/>\n<link rel=\"canonical\" href=\"https:\/\/csd-berlin.de\/en\/news\/teammentalegesundheit\/\" \/>\n<meta property=\"og:locale\" content=\"en_US\" \/>\n<meta property=\"og:type\" content=\"article\" \/>\n<meta property=\"og:title\" content=\"#MentaleGesundheit &#8211; Berlin Pride | CSD Berlin 25.07.2026\" \/>\n<meta property=\"og:description\" content=\"Anna und Tobi st\u00e4rken ab heute jeden Montag w\u00f6chentlich Eure mentale Gesundheit. Ihr bekommt von uns Tipps f\u00fcr ein gesundes, selbstbestimmtes und friedliches Leben. Wir empfehlen Euch Methoden und kleine \u00dcbungen, die Ihr direkt im Alltag umsetzen k\u00f6nnt. Und wir werden euch Anlaufstellen pers\u00f6nlich vorstellen, wo Ihr Euch beraten und unterst\u00fctzen lassen k\u00f6nnt.\" \/>\n<meta property=\"og:url\" content=\"https:\/\/csd-berlin.de\/en\/news\/teammentalegesundheit\" \/>\n<meta property=\"og:site_name\" content=\"Berlin Pride | CSD Berlin 25.07.2026\" \/>\n<meta property=\"article:publisher\" content=\"https:\/\/facebook.com\/BerlinerCSD\" \/>\n<meta property=\"article:published_time\" content=\"2021-11-30T14:49:03+00:00\" \/>\n<meta property=\"article:modified_time\" content=\"2024-07-18T14:03:20+00:00\" \/>\n<meta property=\"og:image\" content=\"https:\/\/csd-berlin.de\/wp-content\/uploads\/2021\/11\/262665927_10159432900684597_1385958466165688520_n.png\" \/>\n\t<meta property=\"og:image:width\" content=\"1080\" \/>\n\t<meta property=\"og:image:height\" content=\"1080\" \/>\n\t<meta property=\"og:image:type\" content=\"image\/png\" \/>\n<meta name=\"author\" content=\"Ulli Pridat\" \/>\n<meta name=\"twitter:card\" content=\"summary_large_image\" \/>\n<meta name=\"twitter:creator\" content=\"@CSD_Berlin\" \/>\n<meta name=\"twitter:site\" content=\"@CSD_Berlin\" \/>\n<meta name=\"twitter:label1\" content=\"Written by\" \/>\n\t<meta name=\"twitter:data1\" content=\"Ulli Pridat\" \/>\n<script type=\"application\/ld+json\" class=\"yoast-schema-graph\">{\"@context\":\"https:\/\/schema.org\",\"@graph\":[{\"@type\":\"Article\",\"@id\":\"https:\/\/csd-berlin.de\/en\/news\/teammentalegesundheit\/#article\",\"isPartOf\":{\"@id\":\"https:\/\/csd-berlin.de\/en\/news\/teammentalegesundheit\/\"},\"author\":{\"name\":\"Ulli Pridat\",\"@id\":\"https:\/\/csd-berlin.de\/en\/#\/schema\/person\/6228f0b0ee0094653fd86d27fb21d69f\"},\"headline\":\"#MentaleGesundheit\",\"datePublished\":\"2021-11-30T14:49:03+00:00\",\"dateModified\":\"2024-07-18T14:03:20+00:00\",\"mainEntityOfPage\":{\"@id\":\"https:\/\/csd-berlin.de\/en\/news\/teammentalegesundheit\/\"},\"wordCount\":365,\"publisher\":{\"@id\":\"https:\/\/csd-berlin.de\/en\/#organization\"},\"image\":{\"@id\":\"https:\/\/csd-berlin.de\/en\/news\/teammentalegesundheit\/#primaryimage\"},\"thumbnailUrl\":\"https:\/\/csd-berlin.de\/wp-content\/uploads\/2021\/11\/262665927_10159432900684597_1385958466165688520_n.png\",\"inLanguage\":\"en-US\"},{\"@type\":\"WebPage\",\"@id\":\"https:\/\/csd-berlin.de\/en\/news\/teammentalegesundheit\/\",\"url\":\"https:\/\/csd-berlin.de\/en\/news\/teammentalegesundheit\/\",\"name\":\"#MentaleGesundheit &#8211; Berlin Pride | CSD Berlin 25.07.2026\",\"isPartOf\":{\"@id\":\"https:\/\/csd-berlin.de\/en\/#website\"},\"primaryImageOfPage\":{\"@id\":\"https:\/\/csd-berlin.de\/en\/news\/teammentalegesundheit\/#primaryimage\"},\"image\":{\"@id\":\"https:\/\/csd-berlin.de\/en\/news\/teammentalegesundheit\/#primaryimage\"},\"thumbnailUrl\":\"https:\/\/csd-berlin.de\/wp-content\/uploads\/2021\/11\/262665927_10159432900684597_1385958466165688520_n.png\",\"datePublished\":\"2021-11-30T14:49:03+00:00\",\"dateModified\":\"2024-07-18T14:03:20+00:00\",\"breadcrumb\":{\"@id\":\"https:\/\/csd-berlin.de\/en\/news\/teammentalegesundheit\/#breadcrumb\"},\"inLanguage\":\"en-US\",\"potentialAction\":[{\"@type\":\"ReadAction\",\"target\":[\"https:\/\/csd-berlin.de\/en\/news\/teammentalegesundheit\/\"]}]},{\"@type\":\"ImageObject\",\"inLanguage\":\"en-US\",\"@id\":\"https:\/\/csd-berlin.de\/en\/news\/teammentalegesundheit\/#primaryimage\",\"url\":\"https:\/\/csd-berlin.de\/wp-content\/uploads\/2021\/11\/262665927_10159432900684597_1385958466165688520_n.png\",\"contentUrl\":\"https:\/\/csd-berlin.de\/wp-content\/uploads\/2021\/11\/262665927_10159432900684597_1385958466165688520_n.png\",\"width\":1080,\"height\":1080},{\"@type\":\"BreadcrumbList\",\"@id\":\"https:\/\/csd-berlin.de\/en\/news\/teammentalegesundheit\/#breadcrumb\",\"itemListElement\":[{\"@type\":\"ListItem\",\"position\":1,\"name\":\"Startseite\",\"item\":\"https:\/\/csd-berlin.de\/en\/\"},{\"@type\":\"ListItem\",\"position\":2,\"name\":\"#MentaleGesundheit\"}]},{\"@type\":\"WebSite\",\"@id\":\"https:\/\/csd-berlin.de\/en\/#website\",\"url\":\"https:\/\/csd-berlin.de\/en\/\",\"name\":\"Berlin Pride | CSD Berlin 25.07.2026\",\"description\":\"\",\"publisher\":{\"@id\":\"https:\/\/csd-berlin.de\/en\/#organization\"},\"potentialAction\":[{\"@type\":\"SearchAction\",\"target\":{\"@type\":\"EntryPoint\",\"urlTemplate\":\"https:\/\/csd-berlin.de\/en\/?s={search_term_string}\"},\"query-input\":{\"@type\":\"PropertyValueSpecification\",\"valueRequired\":true,\"valueName\":\"search_term_string\"}}],\"inLanguage\":\"en-US\"},{\"@type\":\"Organization\",\"@id\":\"https:\/\/csd-berlin.de\/en\/#organization\",\"name\":\"Berliner CSD e.V.\",\"alternateName\":\"CSD Berlin\",\"url\":\"https:\/\/csd-berlin.de\/en\/\",\"logo\":{\"@type\":\"ImageObject\",\"inLanguage\":\"en-US\",\"@id\":\"https:\/\/csd-berlin.de\/en\/#\/schema\/logo\/image\/\",\"url\":\"https:\/\/csd-berlin.de\/wp-content\/uploads\/2021\/12\/Bildschirmfoto-2021-12-17-um-18.34.13.jpg\",\"contentUrl\":\"https:\/\/csd-berlin.de\/wp-content\/uploads\/2021\/12\/Bildschirmfoto-2021-12-17-um-18.34.13.jpg\",\"width\":500,\"height\":600,\"caption\":\"Berliner CSD e.V.\"},\"image\":{\"@id\":\"https:\/\/csd-berlin.de\/en\/#\/schema\/logo\/image\/\"},\"sameAs\":[\"https:\/\/facebook.com\/BerlinerCSD\",\"https:\/\/x.com\/CSD_Berlin\",\"https:\/\/www.instagram.com\/csd.berlin.pride\/\"]},{\"@type\":\"Person\",\"@id\":\"https:\/\/csd-berlin.de\/en\/#\/schema\/person\/6228f0b0ee0094653fd86d27fb21d69f\",\"name\":\"Ulli Pridat\",\"image\":{\"@type\":\"ImageObject\",\"inLanguage\":\"en-US\",\"@id\":\"https:\/\/csd-berlin.de\/en\/#\/schema\/person\/image\/\",\"url\":\"https:\/\/secure.gravatar.com\/avatar\/3982d37325c23aa48329711a7f4768f4a7875bee32c8d567fb1bcde956399c87?s=96&d=mm&r=g\",\"contentUrl\":\"https:\/\/secure.gravatar.com\/avatar\/3982d37325c23aa48329711a7f4768f4a7875bee32c8d567fb1bcde956399c87?s=96&d=mm&r=g\",\"caption\":\"Ulli Pridat\"},\"url\":\"https:\/\/csd-berlin.de\/en\/author\/ullicsd-berlin-de\/\"}]}<\/script>\n<!-- \/ Yoast SEO plugin. -->","yoast_head_json":{"title":"#MentaleGesundheit &#8211; Berlin Pride | CSD Berlin 25.07.2026","robots":{"index":"index","follow":"follow","max-snippet":"max-snippet:-1","max-image-preview":"max-image-preview:large","max-video-preview":"max-video-preview:-1"},"canonical":"https:\/\/csd-berlin.de\/en\/news\/teammentalegesundheit\/","og_locale":"en_US","og_type":"article","og_title":"#MentaleGesundheit &#8211; Berlin Pride | CSD Berlin 25.07.2026","og_description":"Anna und Tobi st\u00e4rken ab heute jeden Montag w\u00f6chentlich Eure mentale Gesundheit. Ihr bekommt von uns Tipps f\u00fcr ein gesundes, selbstbestimmtes und friedliches Leben. Wir empfehlen Euch Methoden und kleine \u00dcbungen, die Ihr direkt im Alltag umsetzen k\u00f6nnt. Und wir werden euch Anlaufstellen pers\u00f6nlich vorstellen, wo Ihr Euch beraten und unterst\u00fctzen lassen k\u00f6nnt.","og_url":"https:\/\/csd-berlin.de\/en\/news\/teammentalegesundheit","og_site_name":"Berlin Pride | CSD Berlin 25.07.2026","article_publisher":"https:\/\/facebook.com\/BerlinerCSD","article_published_time":"2021-11-30T14:49:03+00:00","article_modified_time":"2024-07-18T14:03:20+00:00","og_image":[{"width":1080,"height":1080,"url":"https:\/\/csd-berlin.de\/wp-content\/uploads\/2021\/11\/262665927_10159432900684597_1385958466165688520_n.png","type":"image\/png"}],"author":"Ulli Pridat","twitter_card":"summary_large_image","twitter_creator":"@CSD_Berlin","twitter_site":"@CSD_Berlin","twitter_misc":{"Written by":"Ulli Pridat"},"schema":{"@context":"https:\/\/schema.org","@graph":[{"@type":"Article","@id":"https:\/\/csd-berlin.de\/en\/news\/teammentalegesundheit\/#article","isPartOf":{"@id":"https:\/\/csd-berlin.de\/en\/news\/teammentalegesundheit\/"},"author":{"name":"Ulli Pridat","@id":"https:\/\/csd-berlin.de\/en\/#\/schema\/person\/6228f0b0ee0094653fd86d27fb21d69f"},"headline":"#MentaleGesundheit","datePublished":"2021-11-30T14:49:03+00:00","dateModified":"2024-07-18T14:03:20+00:00","mainEntityOfPage":{"@id":"https:\/\/csd-berlin.de\/en\/news\/teammentalegesundheit\/"},"wordCount":365,"publisher":{"@id":"https:\/\/csd-berlin.de\/en\/#organization"},"image":{"@id":"https:\/\/csd-berlin.de\/en\/news\/teammentalegesundheit\/#primaryimage"},"thumbnailUrl":"https:\/\/csd-berlin.de\/wp-content\/uploads\/2021\/11\/262665927_10159432900684597_1385958466165688520_n.png","inLanguage":"en-US"},{"@type":"WebPage","@id":"https:\/\/csd-berlin.de\/en\/news\/teammentalegesundheit\/","url":"https:\/\/csd-berlin.de\/en\/news\/teammentalegesundheit\/","name":"#MentaleGesundheit &#8211; Berlin Pride | CSD Berlin 25.07.2026","isPartOf":{"@id":"https:\/\/csd-berlin.de\/en\/#website"},"primaryImageOfPage":{"@id":"https:\/\/csd-berlin.de\/en\/news\/teammentalegesundheit\/#primaryimage"},"image":{"@id":"https:\/\/csd-berlin.de\/en\/news\/teammentalegesundheit\/#primaryimage"},"thumbnailUrl":"https:\/\/csd-berlin.de\/wp-content\/uploads\/2021\/11\/262665927_10159432900684597_1385958466165688520_n.png","datePublished":"2021-11-30T14:49:03+00:00","dateModified":"2024-07-18T14:03:20+00:00","breadcrumb":{"@id":"https:\/\/csd-berlin.de\/en\/news\/teammentalegesundheit\/#breadcrumb"},"inLanguage":"en-US","potentialAction":[{"@type":"ReadAction","target":["https:\/\/csd-berlin.de\/en\/news\/teammentalegesundheit\/"]}]},{"@type":"ImageObject","inLanguage":"en-US","@id":"https:\/\/csd-berlin.de\/en\/news\/teammentalegesundheit\/#primaryimage","url":"https:\/\/csd-berlin.de\/wp-content\/uploads\/2021\/11\/262665927_10159432900684597_1385958466165688520_n.png","contentUrl":"https:\/\/csd-berlin.de\/wp-content\/uploads\/2021\/11\/262665927_10159432900684597_1385958466165688520_n.png","width":1080,"height":1080},{"@type":"BreadcrumbList","@id":"https:\/\/csd-berlin.de\/en\/news\/teammentalegesundheit\/#breadcrumb","itemListElement":[{"@type":"ListItem","position":1,"name":"Startseite","item":"https:\/\/csd-berlin.de\/en\/"},{"@type":"ListItem","position":2,"name":"#MentaleGesundheit"}]},{"@type":"WebSite","@id":"https:\/\/csd-berlin.de\/en\/#website","url":"https:\/\/csd-berlin.de\/en\/","name":"Berlin Pride | CSD Berlin 25.07.2026","description":"","publisher":{"@id":"https:\/\/csd-berlin.de\/en\/#organization"},"potentialAction":[{"@type":"SearchAction","target":{"@type":"EntryPoint","urlTemplate":"https:\/\/csd-berlin.de\/en\/?s={search_term_string}"},"query-input":{"@type":"PropertyValueSpecification","valueRequired":true,"valueName":"search_term_string"}}],"inLanguage":"en-US"},{"@type":"Organization","@id":"https:\/\/csd-berlin.de\/en\/#organization","name":"Berliner CSD e.V.","alternateName":"CSD Berlin","url":"https:\/\/csd-berlin.de\/en\/","logo":{"@type":"ImageObject","inLanguage":"en-US","@id":"https:\/\/csd-berlin.de\/en\/#\/schema\/logo\/image\/","url":"https:\/\/csd-berlin.de\/wp-content\/uploads\/2021\/12\/Bildschirmfoto-2021-12-17-um-18.34.13.jpg","contentUrl":"https:\/\/csd-berlin.de\/wp-content\/uploads\/2021\/12\/Bildschirmfoto-2021-12-17-um-18.34.13.jpg","width":500,"height":600,"caption":"Berliner CSD e.V."},"image":{"@id":"https:\/\/csd-berlin.de\/en\/#\/schema\/logo\/image\/"},"sameAs":["https:\/\/facebook.com\/BerlinerCSD","https:\/\/x.com\/CSD_Berlin","https:\/\/www.instagram.com\/csd.berlin.pride\/"]},{"@type":"Person","@id":"https:\/\/csd-berlin.de\/en\/#\/schema\/person\/6228f0b0ee0094653fd86d27fb21d69f","name":"Ulli Pridat","image":{"@type":"ImageObject","inLanguage":"en-US","@id":"https:\/\/csd-berlin.de\/en\/#\/schema\/person\/image\/","url":"https:\/\/secure.gravatar.com\/avatar\/3982d37325c23aa48329711a7f4768f4a7875bee32c8d567fb1bcde956399c87?s=96&d=mm&r=g","contentUrl":"https:\/\/secure.gravatar.com\/avatar\/3982d37325c23aa48329711a7f4768f4a7875bee32c8d567fb1bcde956399c87?s=96&d=mm&r=g","caption":"Ulli Pridat"},"url":"https:\/\/csd-berlin.de\/en\/author\/ullicsd-berlin-de\/"}]}},"_links":{"self":[{"href":"https:\/\/csd-berlin.de\/en\/wp-json\/wp\/v2\/posts\/6988","targetHints":{"allow":["GET"]}}],"collection":[{"href":"https:\/\/csd-berlin.de\/en\/wp-json\/wp\/v2\/posts"}],"about":[{"href":"https:\/\/csd-berlin.de\/en\/wp-json\/wp\/v2\/types\/post"}],"author":[{"embeddable":true,"href":"https:\/\/csd-berlin.de\/en\/wp-json\/wp\/v2\/users\/5"}],"replies":[{"embeddable":true,"href":"https:\/\/csd-berlin.de\/en\/wp-json\/wp\/v2\/comments?post=6988"}],"version-history":[{"count":8,"href":"https:\/\/csd-berlin.de\/en\/wp-json\/wp\/v2\/posts\/6988\/revisions"}],"predecessor-version":[{"id":20687,"href":"https:\/\/csd-berlin.de\/en\/wp-json\/wp\/v2\/posts\/6988\/revisions\/20687"}],"wp:featuredmedia":[{"embeddable":true,"href":"https:\/\/csd-berlin.de\/en\/wp-json\/wp\/v2\/media\/5971"}],"wp:attachment":[{"href":"https:\/\/csd-berlin.de\/en\/wp-json\/wp\/v2\/media?parent=6988"}],"wp:term":[{"taxonomy":"category","embeddable":true,"href":"https:\/\/csd-berlin.de\/en\/wp-json\/wp\/v2\/categories?post=6988"},{"taxonomy":"post_tag","embeddable":true,"href":"https:\/\/csd-berlin.de\/en\/wp-json\/wp\/v2\/tags?post=6988"}],"curies":[{"name":"wp","href":"https:\/\/api.w.org\/{rel}","templated":true}]}}