{"id":7030,"date":"2021-05-28T09:00:28","date_gmt":"2021-05-28T07:00:28","guid":{"rendered":"https:\/\/csd-berlin.de\/happy-pride-erster-berliner-pride-month-startet\/"},"modified":"2021-05-28T09:00:28","modified_gmt":"2021-05-28T07:00:28","slug":"happy-pride-erster-berliner-pride-month-startet","status":"publish","type":"post","link":"https:\/\/csd-berlin.de\/en\/news\/happy-pride-erster-berliner-pride-month-startet\/","title":{"rendered":"Happy Pride &#8211; Erster Berliner Pride Month startet"},"content":{"rendered":"<p>[et_pb_section fb_built=&#8221;1&#8243; _builder_version=&#8221;4.9.4&#8243; _module_preset=&#8221;default&#8221;][et_pb_row column_structure=&#8221;1_2,1_2&#8243; _builder_version=&#8221;4.9.4&#8243; _module_preset=&#8221;default&#8221;][et_pb_column type=&#8221;1_2&#8243; _builder_version=&#8221;4.9.4&#8243; _module_preset=&#8221;default&#8221;][et_pb_text _builder_version=&#8221;4.9.4&#8243; _module_preset=&#8221;default&#8221; hover_enabled=&#8221;0&#8243; sticky_enabled=&#8221;0&#8243;]<\/p>\n<h1 class=\"mc-toc-title\" style=\"text-align: justify;\"><\/h1>\n<p style=\"text-align: justify;\">Mit gro\u00dfer Freude d\u00fcrfen wir verk\u00fcnden, dass die Aktionen des <strong>Berliner CSD e.V.<\/strong> und des <strong>CSD Berlin Pride <\/strong>den Rahmen f\u00fcr einen <strong>Pride Month<\/strong> bilden. Bestandteil der Kooperation ist es unter anderem, dass sich beide Teams in ihren analogen sowie digitalen Programminhalten f\u00fcr die Community unterst\u00fctzen.<\/p>\n<div style=\"text-align: justify;\">\n<p>Zwischen dem historischen Datum der Stonewall-Aufst\u00e4nde Ende Juni und dem altbekannten Demo-Datum des <strong>Berliner CSD e.V.<\/strong> Ende Juli symbolisieren beide Community-Veranstaltungen die S\u00e4ulen des ersten Berliner Pride Monats.<\/p>\n<p>Auftakt bildet die Stern-Demo des <strong>CSD Berlin Pride am Samstag, 26. Juni 2021<\/strong>. Mit unterschiedlichen Themenschwerpunkten verlaufen die drei Einzeldemos \u201eEast PRIDE Berlin\u201c aus Prenzlauer Berg, \u201eQTIBIPOC United\u201c aus Kreuzberg und \u201eQueerschutz Now!\u201c aus Neuk\u00f6lln in Richtung Alexanderplatz.\u00a0Damit der <strong>CSD Berlin Pride<\/strong> f\u00fcr alle Menschen zug\u00e4nglich gemacht werden kann, wird die Stern-Demo am Samstag, 26. Juni, direkt von den einzelnen Strecken auf der Plattform\u00a0<a data-cke-saved-href=\"http:\/\/csdberlinpride.de\/\" href=\"http:\/\/csdberlinpride.de\/\">csdberlinpride.de<\/a>\u00a0\u00fcbertragen. Damit startet parallel zur Stern-Demo ein viert\u00e4giger Livestream, der von der Community f\u00fcr die Community ausgestaltet wird. Unter anderem wird der Vorstand des <strong>Berliner CSD e.V.<\/strong>Gast des Panels \u201eRassismus in unseren Institutionen &#8211; eine kritische Selbstreflexion der Geschichte des Berliner CSD\u201c sein.<\/p>\n<p>Das Aktivist:innen-B\u00fcndnis f\u00fchrt keine Sch\u00f6neberg-Route durch. Der <strong>Berliner CSD e.V.<\/strong> startet seine bekannte CSD-Demostrecke <strong>CSD Berlin | Berlin Pride<\/strong> unter dem Motto <strong>\u201eSAVE OUR COMMUNITY &#8211; SAVE YOUR PRIDE\u201c<\/strong> am Samstag, 24. Juli 2021 aus Sch\u00f6neberg durch die Hauptstadt. Der <strong>Berliner CSD e.V.<\/strong> erarbeitet seine Forderungen aktuell basisdemokratisch und strebt einen ganzj\u00e4hrigen Bildungsauftrag an.<\/p>\n<p>Die beiderseitige inhaltliche Integration der jeweiligen Organisationen ist in der Ausarbeitung. Eine Ver\u00f6ffentlichung des Livestreamprogramms und der Demorouten erfolgt in den kommenden Tagen. Die Ausf\u00fchrung und Produktion der Demonstrationen erfolgt eigenbestimmt und unabh\u00e4ngig. Alle Demonstrationen sind nur unter strenger Einhaltung der jeweiligen Hygiene- und Abstandsregeln durchzuf\u00fchren, diese werden auf den jeweiligen Websites der Ausrichter ver\u00f6ffentlicht.<\/p>\n<p><strong>Berliner CSD e.V.<\/strong>: \u201eWir freuen uns, dass wir mit der Kooperation einen weiteren Schritt zur Verkn\u00fcpfung und Einbindung aller Meinungsbilder machen. Es ist uns als Vorstand ein Anliegen viele unter einem Dach zu vereinen.\u201d<\/p>\n<p><strong>CSD Berlin Pride<\/strong>: \u201eAufmerksamkeit, Sichtbarkeit und Verst\u00e4ndnis &#8211; das ist es, was die Menschen unserer Community dringend brauchen. Mit der Kooperation m\u00f6chten wir die Diversit\u00e4t der Community feiern und ihr zu noch mehr Sichtbarkeit verhelfen.\u201c<\/p>\n<p>Beide Organisationen laden weitere Projekte, Aktionen und Aktivist:innen ein, als Teil des Berliner Pride Month mitzuwirken.<\/p>\n<\/div>\n<p style=\"text-align: justify;\"><span>Es geht um die Sache.\u00a0CSD ist immer das, was wir daraus machen.<\/span><\/p>\n<p style=\"text-align: justify;\"><span><\/span><\/p>\n<h2 class=\"null\" style=\"text-align: justify;\"><span>Pride Regards!<\/span><\/h2>\n<p><span><\/span><\/p>\n<p style=\"text-align: justify;\"><span>Karina &amp; Ulli<\/span><br \/><span>Presseverantwortliche der Projektkooperation<\/span><\/p>\n<p style=\"text-align: justify;\"><strong><\/strong><\/p>\n<p style=\"text-align: justify;\"><strong>Berliner CSD e.V.<\/strong><span> I\u00a0Ulli\u00a0Pridat I\u00a0<\/span><a data-cke-saved-href=\"mailto:ulli@csd-berlin.de\">presse@csd-berlin.de<\/a><span>\u00a0<\/span><br \/><strong>CSD Berlin Pride<\/strong><span> I Karina Thinius I\u00a0<\/span><a data-cke-saved-href=\"mailto:presse@csdberlinpride.de\">presse@csdberlinpride.de<\/a><\/p>\n<p>[\/et_pb_text][\/et_pb_column][et_pb_column type=&#8221;1_2&#8243; _builder_version=&#8221;4.9.4&#8243; _module_preset=&#8221;default&#8221;][et_pb_image src=&#8221;https:\/\/csd-berlin.de\/wp-content\/uploads\/2021\/05\/219774107-scaled.jpg&#8221; title_text=&#8221;Faust in die H\u00f6he, die in Regenbogenfarbe angemalt&#8221; _builder_version=&#8221;4.9.4&#8243; _module_preset=&#8221;default&#8221;][\/et_pb_image][\/et_pb_column][\/et_pb_row][\/et_pb_section]<\/p>\n","protected":false},"excerpt":{"rendered":"<p>Mit gro\u00dfer Freude d\u00fcrfen wir verk\u00fcnden, dass die Aktionen des Berliner CSD e.V. und des CSD Berlin Pride den Rahmen f\u00fcr einen Pride Month bilden. Bestandteil der Kooperation ist es unter anderem, dass sich beide Teams in ihren analogen sowie digitalen Programminhalten f\u00fcr die Community unterst\u00fctzen.<\/p>\n","protected":false},"author":5,"featured_media":5052,"comment_status":"closed","ping_status":"closed","sticky":false,"template":"","format":"standard","meta":{"_acf_changed":false,"_et_pb_use_builder":"on","_et_pb_old_content":"","_et_gb_content_width":"","inline_featured_image":false,"footnotes":""},"categories":[124,109],"tags":[156],"class_list":["post-7030","post","type-post","status-publish","format-standard","has-post-thumbnail","hentry","category-news-en","category-uncategorized","tag-happypride-kooperation-csdvereine-pride-pridemonth-csdmonat-en"],"acf":[],"yoast_head":"<!-- This site is optimized with the Yoast SEO plugin v27.0 - https:\/\/yoast.com\/product\/yoast-seo-wordpress\/ -->\n<title>Happy Pride - Erster Berliner Pride Month startet &#8211; Berlin Pride | CSD Berlin 25.07.2026<\/title>\n<meta name=\"robots\" content=\"index, follow, max-snippet:-1, max-image-preview:large, max-video-preview:-1\" \/>\n<link rel=\"canonical\" href=\"https:\/\/csd-berlin.de\/en\/news\/happy-pride-erster-berliner-pride-month-startet\/\" \/>\n<meta property=\"og:locale\" content=\"en_US\" \/>\n<meta property=\"og:type\" content=\"article\" \/>\n<meta property=\"og:title\" content=\"Happy Pride - Erster Berliner Pride Month startet &#8211; Berlin Pride | CSD Berlin 25.07.2026\" \/>\n<meta property=\"og:description\" content=\"Mit gro\u00dfer Freude d\u00fcrfen wir verk\u00fcnden, dass die Aktionen des Berliner CSD e.V. und des CSD Berlin Pride den Rahmen f\u00fcr einen Pride Month bilden. Bestandteil der Kooperation ist es unter anderem, dass sich beide Teams in ihren analogen sowie digitalen Programminhalten f\u00fcr die Community unterst\u00fctzen.\" \/>\n<meta property=\"og:url\" content=\"https:\/\/csd-berlin.de\/en\/news\/happy-pride-erster-berliner-pride-month-startet\" \/>\n<meta property=\"og:site_name\" content=\"Berlin Pride | CSD Berlin 25.07.2026\" \/>\n<meta property=\"article:publisher\" content=\"https:\/\/facebook.com\/BerlinerCSD\" \/>\n<meta property=\"article:published_time\" content=\"2021-05-28T07:00:28+00:00\" \/>\n<meta name=\"author\" content=\"Ulli Pridat\" \/>\n<meta name=\"twitter:card\" content=\"summary_large_image\" \/>\n<meta name=\"twitter:creator\" content=\"@CSD_Berlin\" \/>\n<meta name=\"twitter:site\" content=\"@CSD_Berlin\" \/>\n<meta name=\"twitter:label1\" content=\"Written by\" \/>\n\t<meta name=\"twitter:data1\" content=\"Ulli Pridat\" \/>\n\t<meta name=\"twitter:label2\" content=\"Est. reading time\" \/>\n\t<meta name=\"twitter:data2\" content=\"3 minutes\" \/>\n<script type=\"application\/ld+json\" class=\"yoast-schema-graph\">{\"@context\":\"https:\/\/schema.org\",\"@graph\":[{\"@type\":\"Article\",\"@id\":\"https:\/\/csd-berlin.de\/en\/news\/happy-pride-erster-berliner-pride-month-startet\/#article\",\"isPartOf\":{\"@id\":\"https:\/\/csd-berlin.de\/en\/news\/happy-pride-erster-berliner-pride-month-startet\/\"},\"author\":{\"name\":\"Ulli Pridat\",\"@id\":\"https:\/\/csd-berlin.de\/en\/#\/schema\/person\/6228f0b0ee0094653fd86d27fb21d69f\"},\"headline\":\"Happy Pride &#8211; Erster Berliner Pride Month startet\",\"datePublished\":\"2021-05-28T07:00:28+00:00\",\"mainEntityOfPage\":{\"@id\":\"https:\/\/csd-berlin.de\/en\/news\/happy-pride-erster-berliner-pride-month-startet\/\"},\"wordCount\":553,\"publisher\":{\"@id\":\"https:\/\/csd-berlin.de\/en\/#organization\"},\"image\":{\"@id\":\"https:\/\/csd-berlin.de\/en\/news\/happy-pride-erster-berliner-pride-month-startet\/#primaryimage\"},\"thumbnailUrl\":\"https:\/\/csd-berlin.de\/wp-content\/uploads\/2021\/05\/219774107-scaled.jpg\",\"keywords\":[\"#happypride #kooperation #csdvereine #pride #pridemonth #csdmonat\"],\"articleSection\":[\"News\"],\"inLanguage\":\"en-US\"},{\"@type\":\"WebPage\",\"@id\":\"https:\/\/csd-berlin.de\/en\/news\/happy-pride-erster-berliner-pride-month-startet\/\",\"url\":\"https:\/\/csd-berlin.de\/en\/news\/happy-pride-erster-berliner-pride-month-startet\/\",\"name\":\"Happy Pride - Erster Berliner Pride Month startet &#8211; Berlin Pride | CSD Berlin 25.07.2026\",\"isPartOf\":{\"@id\":\"https:\/\/csd-berlin.de\/en\/#website\"},\"primaryImageOfPage\":{\"@id\":\"https:\/\/csd-berlin.de\/en\/news\/happy-pride-erster-berliner-pride-month-startet\/#primaryimage\"},\"image\":{\"@id\":\"https:\/\/csd-berlin.de\/en\/news\/happy-pride-erster-berliner-pride-month-startet\/#primaryimage\"},\"thumbnailUrl\":\"https:\/\/csd-berlin.de\/wp-content\/uploads\/2021\/05\/219774107-scaled.jpg\",\"datePublished\":\"2021-05-28T07:00:28+00:00\",\"breadcrumb\":{\"@id\":\"https:\/\/csd-berlin.de\/en\/news\/happy-pride-erster-berliner-pride-month-startet\/#breadcrumb\"},\"inLanguage\":\"en-US\",\"potentialAction\":[{\"@type\":\"ReadAction\",\"target\":[\"https:\/\/csd-berlin.de\/en\/news\/happy-pride-erster-berliner-pride-month-startet\/\"]}]},{\"@type\":\"ImageObject\",\"inLanguage\":\"en-US\",\"@id\":\"https:\/\/csd-berlin.de\/en\/news\/happy-pride-erster-berliner-pride-month-startet\/#primaryimage\",\"url\":\"https:\/\/csd-berlin.de\/wp-content\/uploads\/2021\/05\/219774107-scaled.jpg\",\"contentUrl\":\"https:\/\/csd-berlin.de\/wp-content\/uploads\/2021\/05\/219774107-scaled.jpg\",\"width\":2560,\"height\":1759},{\"@type\":\"BreadcrumbList\",\"@id\":\"https:\/\/csd-berlin.de\/en\/news\/happy-pride-erster-berliner-pride-month-startet\/#breadcrumb\",\"itemListElement\":[{\"@type\":\"ListItem\",\"position\":1,\"name\":\"Startseite\",\"item\":\"https:\/\/csd-berlin.de\/en\/\"},{\"@type\":\"ListItem\",\"position\":2,\"name\":\"Happy Pride &#8211; Erster Berliner Pride Month startet\"}]},{\"@type\":\"WebSite\",\"@id\":\"https:\/\/csd-berlin.de\/en\/#website\",\"url\":\"https:\/\/csd-berlin.de\/en\/\",\"name\":\"Berlin Pride | CSD Berlin 25.07.2026\",\"description\":\"\",\"publisher\":{\"@id\":\"https:\/\/csd-berlin.de\/en\/#organization\"},\"potentialAction\":[{\"@type\":\"SearchAction\",\"target\":{\"@type\":\"EntryPoint\",\"urlTemplate\":\"https:\/\/csd-berlin.de\/en\/?s={search_term_string}\"},\"query-input\":{\"@type\":\"PropertyValueSpecification\",\"valueRequired\":true,\"valueName\":\"search_term_string\"}}],\"inLanguage\":\"en-US\"},{\"@type\":\"Organization\",\"@id\":\"https:\/\/csd-berlin.de\/en\/#organization\",\"name\":\"Berliner CSD e.V.\",\"alternateName\":\"CSD Berlin\",\"url\":\"https:\/\/csd-berlin.de\/en\/\",\"logo\":{\"@type\":\"ImageObject\",\"inLanguage\":\"en-US\",\"@id\":\"https:\/\/csd-berlin.de\/en\/#\/schema\/logo\/image\/\",\"url\":\"https:\/\/csd-berlin.de\/wp-content\/uploads\/2021\/12\/Bildschirmfoto-2021-12-17-um-18.34.13.jpg\",\"contentUrl\":\"https:\/\/csd-berlin.de\/wp-content\/uploads\/2021\/12\/Bildschirmfoto-2021-12-17-um-18.34.13.jpg\",\"width\":500,\"height\":600,\"caption\":\"Berliner CSD e.V.\"},\"image\":{\"@id\":\"https:\/\/csd-berlin.de\/en\/#\/schema\/logo\/image\/\"},\"sameAs\":[\"https:\/\/facebook.com\/BerlinerCSD\",\"https:\/\/x.com\/CSD_Berlin\",\"https:\/\/www.instagram.com\/csd.berlin.pride\/\"]},{\"@type\":\"Person\",\"@id\":\"https:\/\/csd-berlin.de\/en\/#\/schema\/person\/6228f0b0ee0094653fd86d27fb21d69f\",\"name\":\"Ulli Pridat\",\"image\":{\"@type\":\"ImageObject\",\"inLanguage\":\"en-US\",\"@id\":\"https:\/\/csd-berlin.de\/en\/#\/schema\/person\/image\/\",\"url\":\"https:\/\/secure.gravatar.com\/avatar\/3982d37325c23aa48329711a7f4768f4a7875bee32c8d567fb1bcde956399c87?s=96&d=mm&r=g\",\"contentUrl\":\"https:\/\/secure.gravatar.com\/avatar\/3982d37325c23aa48329711a7f4768f4a7875bee32c8d567fb1bcde956399c87?s=96&d=mm&r=g\",\"caption\":\"Ulli Pridat\"},\"url\":\"https:\/\/csd-berlin.de\/en\/author\/ullicsd-berlin-de\/\"}]}<\/script>\n<!-- \/ Yoast SEO plugin. -->","yoast_head_json":{"title":"Happy Pride - Erster Berliner Pride Month startet &#8211; Berlin Pride | CSD Berlin 25.07.2026","robots":{"index":"index","follow":"follow","max-snippet":"max-snippet:-1","max-image-preview":"max-image-preview:large","max-video-preview":"max-video-preview:-1"},"canonical":"https:\/\/csd-berlin.de\/en\/news\/happy-pride-erster-berliner-pride-month-startet\/","og_locale":"en_US","og_type":"article","og_title":"Happy Pride - Erster Berliner Pride Month startet &#8211; Berlin Pride | CSD Berlin 25.07.2026","og_description":"Mit gro\u00dfer Freude d\u00fcrfen wir verk\u00fcnden, dass die Aktionen des Berliner CSD e.V. und des CSD Berlin Pride den Rahmen f\u00fcr einen Pride Month bilden. Bestandteil der Kooperation ist es unter anderem, dass sich beide Teams in ihren analogen sowie digitalen Programminhalten f\u00fcr die Community unterst\u00fctzen.","og_url":"https:\/\/csd-berlin.de\/en\/news\/happy-pride-erster-berliner-pride-month-startet","og_site_name":"Berlin Pride | CSD Berlin 25.07.2026","article_publisher":"https:\/\/facebook.com\/BerlinerCSD","article_published_time":"2021-05-28T07:00:28+00:00","author":"Ulli Pridat","twitter_card":"summary_large_image","twitter_creator":"@CSD_Berlin","twitter_site":"@CSD_Berlin","twitter_misc":{"Written by":"Ulli Pridat","Est. reading time":"3 minutes"},"schema":{"@context":"https:\/\/schema.org","@graph":[{"@type":"Article","@id":"https:\/\/csd-berlin.de\/en\/news\/happy-pride-erster-berliner-pride-month-startet\/#article","isPartOf":{"@id":"https:\/\/csd-berlin.de\/en\/news\/happy-pride-erster-berliner-pride-month-startet\/"},"author":{"name":"Ulli Pridat","@id":"https:\/\/csd-berlin.de\/en\/#\/schema\/person\/6228f0b0ee0094653fd86d27fb21d69f"},"headline":"Happy Pride &#8211; Erster Berliner Pride Month startet","datePublished":"2021-05-28T07:00:28+00:00","mainEntityOfPage":{"@id":"https:\/\/csd-berlin.de\/en\/news\/happy-pride-erster-berliner-pride-month-startet\/"},"wordCount":553,"publisher":{"@id":"https:\/\/csd-berlin.de\/en\/#organization"},"image":{"@id":"https:\/\/csd-berlin.de\/en\/news\/happy-pride-erster-berliner-pride-month-startet\/#primaryimage"},"thumbnailUrl":"https:\/\/csd-berlin.de\/wp-content\/uploads\/2021\/05\/219774107-scaled.jpg","keywords":["#happypride #kooperation #csdvereine #pride #pridemonth #csdmonat"],"articleSection":["News"],"inLanguage":"en-US"},{"@type":"WebPage","@id":"https:\/\/csd-berlin.de\/en\/news\/happy-pride-erster-berliner-pride-month-startet\/","url":"https:\/\/csd-berlin.de\/en\/news\/happy-pride-erster-berliner-pride-month-startet\/","name":"Happy Pride - Erster Berliner Pride Month startet &#8211; Berlin Pride | CSD Berlin 25.07.2026","isPartOf":{"@id":"https:\/\/csd-berlin.de\/en\/#website"},"primaryImageOfPage":{"@id":"https:\/\/csd-berlin.de\/en\/news\/happy-pride-erster-berliner-pride-month-startet\/#primaryimage"},"image":{"@id":"https:\/\/csd-berlin.de\/en\/news\/happy-pride-erster-berliner-pride-month-startet\/#primaryimage"},"thumbnailUrl":"https:\/\/csd-berlin.de\/wp-content\/uploads\/2021\/05\/219774107-scaled.jpg","datePublished":"2021-05-28T07:00:28+00:00","breadcrumb":{"@id":"https:\/\/csd-berlin.de\/en\/news\/happy-pride-erster-berliner-pride-month-startet\/#breadcrumb"},"inLanguage":"en-US","potentialAction":[{"@type":"ReadAction","target":["https:\/\/csd-berlin.de\/en\/news\/happy-pride-erster-berliner-pride-month-startet\/"]}]},{"@type":"ImageObject","inLanguage":"en-US","@id":"https:\/\/csd-berlin.de\/en\/news\/happy-pride-erster-berliner-pride-month-startet\/#primaryimage","url":"https:\/\/csd-berlin.de\/wp-content\/uploads\/2021\/05\/219774107-scaled.jpg","contentUrl":"https:\/\/csd-berlin.de\/wp-content\/uploads\/2021\/05\/219774107-scaled.jpg","width":2560,"height":1759},{"@type":"BreadcrumbList","@id":"https:\/\/csd-berlin.de\/en\/news\/happy-pride-erster-berliner-pride-month-startet\/#breadcrumb","itemListElement":[{"@type":"ListItem","position":1,"name":"Startseite","item":"https:\/\/csd-berlin.de\/en\/"},{"@type":"ListItem","position":2,"name":"Happy Pride &#8211; Erster Berliner Pride Month startet"}]},{"@type":"WebSite","@id":"https:\/\/csd-berlin.de\/en\/#website","url":"https:\/\/csd-berlin.de\/en\/","name":"Berlin Pride | CSD Berlin 25.07.2026","description":"","publisher":{"@id":"https:\/\/csd-berlin.de\/en\/#organization"},"potentialAction":[{"@type":"SearchAction","target":{"@type":"EntryPoint","urlTemplate":"https:\/\/csd-berlin.de\/en\/?s={search_term_string}"},"query-input":{"@type":"PropertyValueSpecification","valueRequired":true,"valueName":"search_term_string"}}],"inLanguage":"en-US"},{"@type":"Organization","@id":"https:\/\/csd-berlin.de\/en\/#organization","name":"Berliner CSD e.V.","alternateName":"CSD Berlin","url":"https:\/\/csd-berlin.de\/en\/","logo":{"@type":"ImageObject","inLanguage":"en-US","@id":"https:\/\/csd-berlin.de\/en\/#\/schema\/logo\/image\/","url":"https:\/\/csd-berlin.de\/wp-content\/uploads\/2021\/12\/Bildschirmfoto-2021-12-17-um-18.34.13.jpg","contentUrl":"https:\/\/csd-berlin.de\/wp-content\/uploads\/2021\/12\/Bildschirmfoto-2021-12-17-um-18.34.13.jpg","width":500,"height":600,"caption":"Berliner CSD e.V."},"image":{"@id":"https:\/\/csd-berlin.de\/en\/#\/schema\/logo\/image\/"},"sameAs":["https:\/\/facebook.com\/BerlinerCSD","https:\/\/x.com\/CSD_Berlin","https:\/\/www.instagram.com\/csd.berlin.pride\/"]},{"@type":"Person","@id":"https:\/\/csd-berlin.de\/en\/#\/schema\/person\/6228f0b0ee0094653fd86d27fb21d69f","name":"Ulli Pridat","image":{"@type":"ImageObject","inLanguage":"en-US","@id":"https:\/\/csd-berlin.de\/en\/#\/schema\/person\/image\/","url":"https:\/\/secure.gravatar.com\/avatar\/3982d37325c23aa48329711a7f4768f4a7875bee32c8d567fb1bcde956399c87?s=96&d=mm&r=g","contentUrl":"https:\/\/secure.gravatar.com\/avatar\/3982d37325c23aa48329711a7f4768f4a7875bee32c8d567fb1bcde956399c87?s=96&d=mm&r=g","caption":"Ulli Pridat"},"url":"https:\/\/csd-berlin.de\/en\/author\/ullicsd-berlin-de\/"}]}},"_links":{"self":[{"href":"https:\/\/csd-berlin.de\/en\/wp-json\/wp\/v2\/posts\/7030","targetHints":{"allow":["GET"]}}],"collection":[{"href":"https:\/\/csd-berlin.de\/en\/wp-json\/wp\/v2\/posts"}],"about":[{"href":"https:\/\/csd-berlin.de\/en\/wp-json\/wp\/v2\/types\/post"}],"author":[{"embeddable":true,"href":"https:\/\/csd-berlin.de\/en\/wp-json\/wp\/v2\/users\/5"}],"replies":[{"embeddable":true,"href":"https:\/\/csd-berlin.de\/en\/wp-json\/wp\/v2\/comments?post=7030"}],"version-history":[{"count":0,"href":"https:\/\/csd-berlin.de\/en\/wp-json\/wp\/v2\/posts\/7030\/revisions"}],"wp:featuredmedia":[{"embeddable":true,"href":"https:\/\/csd-berlin.de\/en\/wp-json\/wp\/v2\/media\/5052"}],"wp:attachment":[{"href":"https:\/\/csd-berlin.de\/en\/wp-json\/wp\/v2\/media?parent=7030"}],"wp:term":[{"taxonomy":"category","embeddable":true,"href":"https:\/\/csd-berlin.de\/en\/wp-json\/wp\/v2\/categories?post=7030"},{"taxonomy":"post_tag","embeddable":true,"href":"https:\/\/csd-berlin.de\/en\/wp-json\/wp\/v2\/tags?post=7030"}],"curies":[{"name":"wp","href":"https:\/\/api.w.org\/{rel}","templated":true}]}}