{"id":7032,"date":"2021-05-25T17:53:34","date_gmt":"2021-05-25T15:53:34","guid":{"rendered":"https:\/\/csd-berlin.de\/traditionen-weiterfuehren-vorstand-trifft-buergermeister\/"},"modified":"2021-05-25T17:53:34","modified_gmt":"2021-05-25T15:53:34","slug":"traditionen-weiterfuehren-vorstand-trifft-buergermeister","status":"publish","type":"post","link":"https:\/\/csd-berlin.de\/en\/news\/traditionen-weiterfuehren-vorstand-trifft-buergermeister\/","title":{"rendered":"Traditionen weiterf\u00fchren! Vorstand trifft B\u00fcrgermeister"},"content":{"rendered":"<p>[et_pb_section fb_built=&#8221;1&#8243; _builder_version=&#8221;4.9.4&#8243; _module_preset=&#8221;default&#8221;][et_pb_row _builder_version=&#8221;4.9.4&#8243; _module_preset=&#8221;default&#8221; column_structure=&#8221;1_2,1_2&#8243;][et_pb_column _builder_version=&#8221;4.9.4&#8243; _module_preset=&#8221;default&#8221; type=&#8221;1_2&#8243;][et_pb_text _builder_version=&#8221;4.9.4&#8243; _module_preset=&#8221;default&#8221; hover_enabled=&#8221;0&#8243; sticky_enabled=&#8221;0&#8243;]<\/p>\n<p style=\"text-align: justify;\"><strong>Vorstand trifft Regierenden B\u00fcrgermeister Berlins.<\/strong><\/p>\n<p style=\"text-align: justify;\">Am Dienstag fand das erste Gespr\u00e4ch des neuen Vorstands mit dem <strong>Regierenden B\u00fcrgermeister Berlins, Michael M\u00fcller<\/strong>, statt. Es war ein sehr intensives und freundliches Gespr\u00e4ch, welches traditionell und regelm\u00e4\u00dfig zwischen der Staatskanzlei und den Vereinsvorst\u00e4nden abgehalten wird.<\/p>\n<p style=\"text-align: justify;\">Michael M\u00fcller machte seinen Standpunkt und die aktuelle Einsch\u00e4tzung zur queeren Community der Stadt Berlin deutlich und h\u00f6rte dem Vorstand sehr aufmerksam zu. W\u00e4hrend des Gespr\u00e4chs er\u00f6rterten wir bereits beim ersten Aufeinandertreffen viele unterschiedliche Themen und auch Anliegen bzgl. der diesj\u00e4hrigen Demonstration am 24. Juli 2021, aber auch Themen, die aus der Community an uns herangetragen werden. Unter anderem auch das Erschaffen zum erweiterten Bewusstsein aktuell steigender Zahlen zu Hasskriminilit\u00e4t mit Betroffenen der Berliner <strong>LGBTTIQA*<\/strong> Community.<\/p>\n<p style=\"text-align: justify;\">Wir freuen uns sehr, dass die Staatskanzlei in vielen Punkten Hilfe und Unterst\u00fctzung angeboten hat.<\/p>\n<p style=\"text-align: justify;\">Herr M\u00fcller wurde durch den Vorstand zur Demonstration am 24. Juli eingeladen.<\/p>\n<p>[\/et_pb_text][\/et_pb_column][et_pb_column _builder_version=&#8221;4.9.4&#8243; _module_preset=&#8221;default&#8221; type=&#8221;1_2&#8243;][et_pb_image src=&#8221;https:\/\/csd-berlin.de\/wp-content\/uploads\/2021\/05\/Bildschirmfoto-2021-05-25-um-16.25.21.png&#8221; _builder_version=&#8221;4.9.4&#8243; _module_preset=&#8221;default&#8221; title_text=&#8221;B\u00fcrgermeister M\u00fcller&#8221; hover_enabled=&#8221;0&#8243; sticky_enabled=&#8221;0&#8243;][\/et_pb_image][\/et_pb_column][\/et_pb_row][\/et_pb_section]<\/p>\n","protected":false},"excerpt":{"rendered":"<p>Am Dienstag fand das erste Gespr\u00e4ch des neuen Vorstands mit dem Regierenden B\u00fcrgermeister Berlins, Michael M\u00fcller, statt. Es war ein sehr intensives und freundliches Gespr\u00e4ch, welches traditionell und regelm\u00e4\u00dfig zwischen der Staatskanzlei und den Vereinsvorst\u00e4nden abgehalten wird. <\/p>\n","protected":false},"author":5,"featured_media":5051,"comment_status":"closed","ping_status":"closed","sticky":false,"template":"","format":"standard","meta":{"_acf_changed":false,"_et_pb_use_builder":"on","_et_pb_old_content":"","_et_gb_content_width":"","inline_featured_image":false,"footnotes":""},"categories":[124,109],"tags":[200],"class_list":["post-7032","post","type-post","status-publish","format-standard","has-post-thumbnail","hentry","category-news-en","category-uncategorized","tag-buergermeister-michaelmueller-regierender-senat-politik-en"],"acf":[],"yoast_head":"<!-- This site is optimized with the Yoast SEO plugin v27.0 - https:\/\/yoast.com\/product\/yoast-seo-wordpress\/ -->\n<title>Traditionen weiterf\u00fchren! Vorstand trifft B\u00fcrgermeister &#8211; Berlin Pride | CSD Berlin 25.07.2026<\/title>\n<meta name=\"robots\" content=\"index, follow, max-snippet:-1, max-image-preview:large, max-video-preview:-1\" \/>\n<link rel=\"canonical\" href=\"https:\/\/csd-berlin.de\/en\/news\/traditionen-weiterfuehren-vorstand-trifft-buergermeister\/\" \/>\n<meta property=\"og:locale\" content=\"en_US\" \/>\n<meta property=\"og:type\" content=\"article\" \/>\n<meta property=\"og:title\" content=\"Traditionen weiterf\u00fchren! Vorstand trifft B\u00fcrgermeister &#8211; Berlin Pride | CSD Berlin 25.07.2026\" \/>\n<meta property=\"og:description\" content=\"Am Dienstag fand das erste Gespr\u00e4ch des neuen Vorstands mit dem Regierenden B\u00fcrgermeister Berlins, Michael M\u00fcller, statt. Es war ein sehr intensives und freundliches Gespr\u00e4ch, welches traditionell und regelm\u00e4\u00dfig zwischen der Staatskanzlei und den Vereinsvorst\u00e4nden abgehalten wird.\" \/>\n<meta property=\"og:url\" content=\"https:\/\/csd-berlin.de\/en\/news\/traditionen-weiterfuehren-vorstand-trifft-buergermeister\" \/>\n<meta property=\"og:site_name\" content=\"Berlin Pride | CSD Berlin 25.07.2026\" \/>\n<meta property=\"article:publisher\" content=\"https:\/\/facebook.com\/BerlinerCSD\" \/>\n<meta property=\"article:published_time\" content=\"2021-05-25T15:53:34+00:00\" \/>\n<meta name=\"author\" content=\"Ulli Pridat\" \/>\n<meta name=\"twitter:card\" content=\"summary_large_image\" \/>\n<meta name=\"twitter:creator\" content=\"@CSD_Berlin\" \/>\n<meta name=\"twitter:site\" content=\"@CSD_Berlin\" \/>\n<meta name=\"twitter:label1\" content=\"Written by\" \/>\n\t<meta name=\"twitter:data1\" content=\"Ulli Pridat\" \/>\n\t<meta name=\"twitter:label2\" content=\"Est. reading time\" \/>\n\t<meta name=\"twitter:data2\" content=\"1 minute\" \/>\n<script type=\"application\/ld+json\" class=\"yoast-schema-graph\">{\"@context\":\"https:\/\/schema.org\",\"@graph\":[{\"@type\":\"Article\",\"@id\":\"https:\/\/csd-berlin.de\/en\/news\/traditionen-weiterfuehren-vorstand-trifft-buergermeister\/#article\",\"isPartOf\":{\"@id\":\"https:\/\/csd-berlin.de\/en\/news\/traditionen-weiterfuehren-vorstand-trifft-buergermeister\/\"},\"author\":{\"name\":\"Ulli Pridat\",\"@id\":\"https:\/\/csd-berlin.de\/en\/#\/schema\/person\/6228f0b0ee0094653fd86d27fb21d69f\"},\"headline\":\"Traditionen weiterf\u00fchren! Vorstand trifft B\u00fcrgermeister\",\"datePublished\":\"2021-05-25T15:53:34+00:00\",\"mainEntityOfPage\":{\"@id\":\"https:\/\/csd-berlin.de\/en\/news\/traditionen-weiterfuehren-vorstand-trifft-buergermeister\/\"},\"wordCount\":263,\"publisher\":{\"@id\":\"https:\/\/csd-berlin.de\/en\/#organization\"},\"image\":{\"@id\":\"https:\/\/csd-berlin.de\/en\/news\/traditionen-weiterfuehren-vorstand-trifft-buergermeister\/#primaryimage\"},\"thumbnailUrl\":\"https:\/\/csd-berlin.de\/wp-content\/uploads\/2021\/05\/Bildschirmfoto-2021-05-25-um-16.24.49.png\",\"keywords\":[\"#b\u00fcrgermeister #michaelm\u00fcller #regierender #senat #politik\"],\"articleSection\":[\"News\"],\"inLanguage\":\"en-US\"},{\"@type\":\"WebPage\",\"@id\":\"https:\/\/csd-berlin.de\/en\/news\/traditionen-weiterfuehren-vorstand-trifft-buergermeister\/\",\"url\":\"https:\/\/csd-berlin.de\/en\/news\/traditionen-weiterfuehren-vorstand-trifft-buergermeister\/\",\"name\":\"Traditionen weiterf\u00fchren! Vorstand trifft B\u00fcrgermeister &#8211; Berlin Pride | CSD Berlin 25.07.2026\",\"isPartOf\":{\"@id\":\"https:\/\/csd-berlin.de\/en\/#website\"},\"primaryImageOfPage\":{\"@id\":\"https:\/\/csd-berlin.de\/en\/news\/traditionen-weiterfuehren-vorstand-trifft-buergermeister\/#primaryimage\"},\"image\":{\"@id\":\"https:\/\/csd-berlin.de\/en\/news\/traditionen-weiterfuehren-vorstand-trifft-buergermeister\/#primaryimage\"},\"thumbnailUrl\":\"https:\/\/csd-berlin.de\/wp-content\/uploads\/2021\/05\/Bildschirmfoto-2021-05-25-um-16.24.49.png\",\"datePublished\":\"2021-05-25T15:53:34+00:00\",\"breadcrumb\":{\"@id\":\"https:\/\/csd-berlin.de\/en\/news\/traditionen-weiterfuehren-vorstand-trifft-buergermeister\/#breadcrumb\"},\"inLanguage\":\"en-US\",\"potentialAction\":[{\"@type\":\"ReadAction\",\"target\":[\"https:\/\/csd-berlin.de\/en\/news\/traditionen-weiterfuehren-vorstand-trifft-buergermeister\/\"]}]},{\"@type\":\"ImageObject\",\"inLanguage\":\"en-US\",\"@id\":\"https:\/\/csd-berlin.de\/en\/news\/traditionen-weiterfuehren-vorstand-trifft-buergermeister\/#primaryimage\",\"url\":\"https:\/\/csd-berlin.de\/wp-content\/uploads\/2021\/05\/Bildschirmfoto-2021-05-25-um-16.24.49.png\",\"contentUrl\":\"https:\/\/csd-berlin.de\/wp-content\/uploads\/2021\/05\/Bildschirmfoto-2021-05-25-um-16.24.49.png\",\"width\":2652,\"height\":1638},{\"@type\":\"BreadcrumbList\",\"@id\":\"https:\/\/csd-berlin.de\/en\/news\/traditionen-weiterfuehren-vorstand-trifft-buergermeister\/#breadcrumb\",\"itemListElement\":[{\"@type\":\"ListItem\",\"position\":1,\"name\":\"Startseite\",\"item\":\"https:\/\/csd-berlin.de\/en\/\"},{\"@type\":\"ListItem\",\"position\":2,\"name\":\"Traditionen weiterf\u00fchren! Vorstand trifft B\u00fcrgermeister\"}]},{\"@type\":\"WebSite\",\"@id\":\"https:\/\/csd-berlin.de\/en\/#website\",\"url\":\"https:\/\/csd-berlin.de\/en\/\",\"name\":\"Berlin Pride | CSD Berlin 25.07.2026\",\"description\":\"\",\"publisher\":{\"@id\":\"https:\/\/csd-berlin.de\/en\/#organization\"},\"potentialAction\":[{\"@type\":\"SearchAction\",\"target\":{\"@type\":\"EntryPoint\",\"urlTemplate\":\"https:\/\/csd-berlin.de\/en\/?s={search_term_string}\"},\"query-input\":{\"@type\":\"PropertyValueSpecification\",\"valueRequired\":true,\"valueName\":\"search_term_string\"}}],\"inLanguage\":\"en-US\"},{\"@type\":\"Organization\",\"@id\":\"https:\/\/csd-berlin.de\/en\/#organization\",\"name\":\"Berliner CSD e.V.\",\"alternateName\":\"CSD Berlin\",\"url\":\"https:\/\/csd-berlin.de\/en\/\",\"logo\":{\"@type\":\"ImageObject\",\"inLanguage\":\"en-US\",\"@id\":\"https:\/\/csd-berlin.de\/en\/#\/schema\/logo\/image\/\",\"url\":\"https:\/\/csd-berlin.de\/wp-content\/uploads\/2021\/12\/Bildschirmfoto-2021-12-17-um-18.34.13.jpg\",\"contentUrl\":\"https:\/\/csd-berlin.de\/wp-content\/uploads\/2021\/12\/Bildschirmfoto-2021-12-17-um-18.34.13.jpg\",\"width\":500,\"height\":600,\"caption\":\"Berliner CSD e.V.\"},\"image\":{\"@id\":\"https:\/\/csd-berlin.de\/en\/#\/schema\/logo\/image\/\"},\"sameAs\":[\"https:\/\/facebook.com\/BerlinerCSD\",\"https:\/\/x.com\/CSD_Berlin\",\"https:\/\/www.instagram.com\/csd.berlin.pride\/\"]},{\"@type\":\"Person\",\"@id\":\"https:\/\/csd-berlin.de\/en\/#\/schema\/person\/6228f0b0ee0094653fd86d27fb21d69f\",\"name\":\"Ulli Pridat\",\"image\":{\"@type\":\"ImageObject\",\"inLanguage\":\"en-US\",\"@id\":\"https:\/\/csd-berlin.de\/en\/#\/schema\/person\/image\/\",\"url\":\"https:\/\/secure.gravatar.com\/avatar\/3982d37325c23aa48329711a7f4768f4a7875bee32c8d567fb1bcde956399c87?s=96&d=mm&r=g\",\"contentUrl\":\"https:\/\/secure.gravatar.com\/avatar\/3982d37325c23aa48329711a7f4768f4a7875bee32c8d567fb1bcde956399c87?s=96&d=mm&r=g\",\"caption\":\"Ulli Pridat\"},\"url\":\"https:\/\/csd-berlin.de\/en\/author\/ullicsd-berlin-de\/\"}]}<\/script>\n<!-- \/ Yoast SEO plugin. -->","yoast_head_json":{"title":"Traditionen weiterf\u00fchren! Vorstand trifft B\u00fcrgermeister &#8211; Berlin Pride | CSD Berlin 25.07.2026","robots":{"index":"index","follow":"follow","max-snippet":"max-snippet:-1","max-image-preview":"max-image-preview:large","max-video-preview":"max-video-preview:-1"},"canonical":"https:\/\/csd-berlin.de\/en\/news\/traditionen-weiterfuehren-vorstand-trifft-buergermeister\/","og_locale":"en_US","og_type":"article","og_title":"Traditionen weiterf\u00fchren! Vorstand trifft B\u00fcrgermeister &#8211; Berlin Pride | CSD Berlin 25.07.2026","og_description":"Am Dienstag fand das erste Gespr\u00e4ch des neuen Vorstands mit dem Regierenden B\u00fcrgermeister Berlins, Michael M\u00fcller, statt. Es war ein sehr intensives und freundliches Gespr\u00e4ch, welches traditionell und regelm\u00e4\u00dfig zwischen der Staatskanzlei und den Vereinsvorst\u00e4nden abgehalten wird.","og_url":"https:\/\/csd-berlin.de\/en\/news\/traditionen-weiterfuehren-vorstand-trifft-buergermeister","og_site_name":"Berlin Pride | CSD Berlin 25.07.2026","article_publisher":"https:\/\/facebook.com\/BerlinerCSD","article_published_time":"2021-05-25T15:53:34+00:00","author":"Ulli Pridat","twitter_card":"summary_large_image","twitter_creator":"@CSD_Berlin","twitter_site":"@CSD_Berlin","twitter_misc":{"Written by":"Ulli Pridat","Est. reading time":"1 minute"},"schema":{"@context":"https:\/\/schema.org","@graph":[{"@type":"Article","@id":"https:\/\/csd-berlin.de\/en\/news\/traditionen-weiterfuehren-vorstand-trifft-buergermeister\/#article","isPartOf":{"@id":"https:\/\/csd-berlin.de\/en\/news\/traditionen-weiterfuehren-vorstand-trifft-buergermeister\/"},"author":{"name":"Ulli Pridat","@id":"https:\/\/csd-berlin.de\/en\/#\/schema\/person\/6228f0b0ee0094653fd86d27fb21d69f"},"headline":"Traditionen weiterf\u00fchren! Vorstand trifft B\u00fcrgermeister","datePublished":"2021-05-25T15:53:34+00:00","mainEntityOfPage":{"@id":"https:\/\/csd-berlin.de\/en\/news\/traditionen-weiterfuehren-vorstand-trifft-buergermeister\/"},"wordCount":263,"publisher":{"@id":"https:\/\/csd-berlin.de\/en\/#organization"},"image":{"@id":"https:\/\/csd-berlin.de\/en\/news\/traditionen-weiterfuehren-vorstand-trifft-buergermeister\/#primaryimage"},"thumbnailUrl":"https:\/\/csd-berlin.de\/wp-content\/uploads\/2021\/05\/Bildschirmfoto-2021-05-25-um-16.24.49.png","keywords":["#b\u00fcrgermeister #michaelm\u00fcller #regierender #senat #politik"],"articleSection":["News"],"inLanguage":"en-US"},{"@type":"WebPage","@id":"https:\/\/csd-berlin.de\/en\/news\/traditionen-weiterfuehren-vorstand-trifft-buergermeister\/","url":"https:\/\/csd-berlin.de\/en\/news\/traditionen-weiterfuehren-vorstand-trifft-buergermeister\/","name":"Traditionen weiterf\u00fchren! Vorstand trifft B\u00fcrgermeister &#8211; Berlin Pride | CSD Berlin 25.07.2026","isPartOf":{"@id":"https:\/\/csd-berlin.de\/en\/#website"},"primaryImageOfPage":{"@id":"https:\/\/csd-berlin.de\/en\/news\/traditionen-weiterfuehren-vorstand-trifft-buergermeister\/#primaryimage"},"image":{"@id":"https:\/\/csd-berlin.de\/en\/news\/traditionen-weiterfuehren-vorstand-trifft-buergermeister\/#primaryimage"},"thumbnailUrl":"https:\/\/csd-berlin.de\/wp-content\/uploads\/2021\/05\/Bildschirmfoto-2021-05-25-um-16.24.49.png","datePublished":"2021-05-25T15:53:34+00:00","breadcrumb":{"@id":"https:\/\/csd-berlin.de\/en\/news\/traditionen-weiterfuehren-vorstand-trifft-buergermeister\/#breadcrumb"},"inLanguage":"en-US","potentialAction":[{"@type":"ReadAction","target":["https:\/\/csd-berlin.de\/en\/news\/traditionen-weiterfuehren-vorstand-trifft-buergermeister\/"]}]},{"@type":"ImageObject","inLanguage":"en-US","@id":"https:\/\/csd-berlin.de\/en\/news\/traditionen-weiterfuehren-vorstand-trifft-buergermeister\/#primaryimage","url":"https:\/\/csd-berlin.de\/wp-content\/uploads\/2021\/05\/Bildschirmfoto-2021-05-25-um-16.24.49.png","contentUrl":"https:\/\/csd-berlin.de\/wp-content\/uploads\/2021\/05\/Bildschirmfoto-2021-05-25-um-16.24.49.png","width":2652,"height":1638},{"@type":"BreadcrumbList","@id":"https:\/\/csd-berlin.de\/en\/news\/traditionen-weiterfuehren-vorstand-trifft-buergermeister\/#breadcrumb","itemListElement":[{"@type":"ListItem","position":1,"name":"Startseite","item":"https:\/\/csd-berlin.de\/en\/"},{"@type":"ListItem","position":2,"name":"Traditionen weiterf\u00fchren! Vorstand trifft B\u00fcrgermeister"}]},{"@type":"WebSite","@id":"https:\/\/csd-berlin.de\/en\/#website","url":"https:\/\/csd-berlin.de\/en\/","name":"Berlin Pride | CSD Berlin 25.07.2026","description":"","publisher":{"@id":"https:\/\/csd-berlin.de\/en\/#organization"},"potentialAction":[{"@type":"SearchAction","target":{"@type":"EntryPoint","urlTemplate":"https:\/\/csd-berlin.de\/en\/?s={search_term_string}"},"query-input":{"@type":"PropertyValueSpecification","valueRequired":true,"valueName":"search_term_string"}}],"inLanguage":"en-US"},{"@type":"Organization","@id":"https:\/\/csd-berlin.de\/en\/#organization","name":"Berliner CSD e.V.","alternateName":"CSD Berlin","url":"https:\/\/csd-berlin.de\/en\/","logo":{"@type":"ImageObject","inLanguage":"en-US","@id":"https:\/\/csd-berlin.de\/en\/#\/schema\/logo\/image\/","url":"https:\/\/csd-berlin.de\/wp-content\/uploads\/2021\/12\/Bildschirmfoto-2021-12-17-um-18.34.13.jpg","contentUrl":"https:\/\/csd-berlin.de\/wp-content\/uploads\/2021\/12\/Bildschirmfoto-2021-12-17-um-18.34.13.jpg","width":500,"height":600,"caption":"Berliner CSD e.V."},"image":{"@id":"https:\/\/csd-berlin.de\/en\/#\/schema\/logo\/image\/"},"sameAs":["https:\/\/facebook.com\/BerlinerCSD","https:\/\/x.com\/CSD_Berlin","https:\/\/www.instagram.com\/csd.berlin.pride\/"]},{"@type":"Person","@id":"https:\/\/csd-berlin.de\/en\/#\/schema\/person\/6228f0b0ee0094653fd86d27fb21d69f","name":"Ulli Pridat","image":{"@type":"ImageObject","inLanguage":"en-US","@id":"https:\/\/csd-berlin.de\/en\/#\/schema\/person\/image\/","url":"https:\/\/secure.gravatar.com\/avatar\/3982d37325c23aa48329711a7f4768f4a7875bee32c8d567fb1bcde956399c87?s=96&d=mm&r=g","contentUrl":"https:\/\/secure.gravatar.com\/avatar\/3982d37325c23aa48329711a7f4768f4a7875bee32c8d567fb1bcde956399c87?s=96&d=mm&r=g","caption":"Ulli Pridat"},"url":"https:\/\/csd-berlin.de\/en\/author\/ullicsd-berlin-de\/"}]}},"_links":{"self":[{"href":"https:\/\/csd-berlin.de\/en\/wp-json\/wp\/v2\/posts\/7032","targetHints":{"allow":["GET"]}}],"collection":[{"href":"https:\/\/csd-berlin.de\/en\/wp-json\/wp\/v2\/posts"}],"about":[{"href":"https:\/\/csd-berlin.de\/en\/wp-json\/wp\/v2\/types\/post"}],"author":[{"embeddable":true,"href":"https:\/\/csd-berlin.de\/en\/wp-json\/wp\/v2\/users\/5"}],"replies":[{"embeddable":true,"href":"https:\/\/csd-berlin.de\/en\/wp-json\/wp\/v2\/comments?post=7032"}],"version-history":[{"count":0,"href":"https:\/\/csd-berlin.de\/en\/wp-json\/wp\/v2\/posts\/7032\/revisions"}],"wp:featuredmedia":[{"embeddable":true,"href":"https:\/\/csd-berlin.de\/en\/wp-json\/wp\/v2\/media\/5051"}],"wp:attachment":[{"href":"https:\/\/csd-berlin.de\/en\/wp-json\/wp\/v2\/media?parent=7032"}],"wp:term":[{"taxonomy":"category","embeddable":true,"href":"https:\/\/csd-berlin.de\/en\/wp-json\/wp\/v2\/categories?post=7032"},{"taxonomy":"post_tag","embeddable":true,"href":"https:\/\/csd-berlin.de\/en\/wp-json\/wp\/v2\/tags?post=7032"}],"curies":[{"name":"wp","href":"https:\/\/api.w.org\/{rel}","templated":true}]}}