{"id":7034,"date":"2021-05-19T18:49:15","date_gmt":"2021-05-19T16:49:15","guid":{"rendered":"https:\/\/csd-berlin.de\/tuntenspaziergang-in-berlin-mitte-am-5-juni-2021\/"},"modified":"2021-05-19T18:49:15","modified_gmt":"2021-05-19T16:49:15","slug":"tuntenspaziergang-in-berlin-mitte-am-5-juni-2021","status":"publish","type":"post","link":"https:\/\/csd-berlin.de\/en\/news\/tuntenspaziergang-in-berlin-mitte-am-5-juni-2021\/","title":{"rendered":"Tuntenspaziergang in Berlin-Mitte am 5. Juni 2021"},"content":{"rendered":"<p>[et_pb_section fb_built=&#8221;1&#8243; _builder_version=&#8221;3.22&#8243;][et_pb_row column_structure=&#8221;1_2,1_2&#8243; _builder_version=&#8221;4.9.4&#8243; background_size=&#8221;initial&#8221; background_position=&#8221;top_left&#8221; background_repeat=&#8221;repeat&#8221;][et_pb_column type=&#8221;1_2&#8243; _builder_version=&#8221;3.25&#8243; custom_padding=&#8221;|||&#8221; custom_padding__hover=&#8221;|||&#8221;][et_pb_text _builder_version=&#8221;4.9.4&#8243; background_size=&#8221;initial&#8221; background_position=&#8221;top_left&#8221; background_repeat=&#8221;repeat&#8221;]<\/p>\n<p style=\"text-align: justify;\">Der <strong>Tuntenspaziergang<\/strong> wurde in den vergangen Jahren von Kay Kiel und Maurus Knowles wieder ins Bewusstsein gerufen und in dem Berliner problembehaftetem Bezirk Neuk\u00f6lln veranstaltet. Die <strong>BerlinSisters<\/strong>; <strong>Vanessa Karma, Phryne Dexter-Solaris und Sophia Solaris<\/strong>, haben sich davon inspirieren lassen und 2018 den ersten <strong>Tuntenspaziergang<\/strong> in Berlin- Mitte veranstaltet.<\/p>\n<p style=\"text-align: justify;\">Der Treffpunkt und Beginn zum beschreiten des gemeinsamen <strong>Tuntenspaziergang am 05. 06.21<\/strong> ist der <span style=\"color: #e31179; font-size: large;\"><strong>NEU: James-Simon-Park<\/strong> <\/span>um 14:00. und startet dann mit dem Betreten der \u201eOranienburgerstrasse\u201c entlang auf die \u201eFriedrichstrasse\u201c und auf der Strasse \u201eUnter den Linden\u201c geht\u2019s dann bis direkt vors \u201eBrandenburger Tor\u201c. Dort endet die Veranstaltung nachdem die Welt bunter, verst\u00e4ndnisvoller und lichtvoller gemacht wurde, indem Sichtbarkeit und Pr\u00e4senz gezeigt wurde!<\/p>\n<p style=\"text-align: justify;\">Was den <strong>Tuntenspaziergang<\/strong> besonders macht, sind die Menschen die ihn mitbeschreiten. So lange es immer noch Diskriminierungen und Gewalt gegen\u00fcber LGBTIQ*s, Menschen mit Handicaps, People of Color gibt und Frauen und M\u00e4nner, Ost und West nicht die gleichen Rechte haben, muss die Community auf die Stra\u00dfe.<\/p>\n<p style=\"text-align: justify;\">Ganz pers\u00f6nlicher Wunsch der Aktivist*innen:\u00a0KINGS&amp;QUEENS, MACHTS AUCH IN EUREM BEZIRK !<\/p>\n<p style=\"text-align: justify;\">Veranstaltung: <a href=\"https:\/\/fb.me\/e\/WXqBfUbO\">https:\/\/fb.me\/e\/WXqBfUbO<\/a><\/p>\n<p>[\/et_pb_text][\/et_pb_column][et_pb_column type=&#8221;1_2&#8243; _builder_version=&#8221;3.25&#8243; custom_padding=&#8221;|||&#8221; custom_padding__hover=&#8221;|||&#8221;][et_pb_image src=&#8221;https:\/\/csd-berlin.de\/wp-content\/uploads\/2021\/05\/image0-1.jpeg&#8221; title_text=&#8221;Tuntenspaziergang&#8221; _builder_version=&#8221;4.9.4&#8243; _module_preset=&#8221;default&#8221;][\/et_pb_image][\/et_pb_column][\/et_pb_row][\/et_pb_section]<\/p>\n","protected":false},"excerpt":{"rendered":"<p>Der Tuntenspaziergang wurde in den vergangen Jahren von Kay Kiel und Maurus Knowles wieder ins Bewusstsein gerufen und in dem Berliner problembehaftetem Bezirk Neuk\u00f6lln veranstaltet. Die BerlinSisters; Vanessa Karma, Phryne Dexter-Solaris und Sophia Solaris, haben sich davon inspirieren lassen und 2018 den ersten Tuntenspaziergang in Berlin- Mitte veranstaltet. <\/p>\n","protected":false},"author":5,"featured_media":5045,"comment_status":"closed","ping_status":"closed","sticky":false,"template":"","format":"standard","meta":{"_acf_changed":false,"_et_pb_use_builder":"on","_et_pb_old_content":"","_et_gb_content_width":"","inline_featured_image":false,"footnotes":""},"categories":[124,109],"tags":[197],"class_list":["post-7034","post","type-post","status-publish","format-standard","has-post-thumbnail","hentry","category-news-en","category-uncategorized","tag-tuntenspaziergang-sichtbar-berlin-tunten-gaycommunity-en"],"acf":[],"yoast_head":"<!-- This site is optimized with the Yoast SEO plugin v27.0 - https:\/\/yoast.com\/product\/yoast-seo-wordpress\/ -->\n<title>Tuntenspaziergang in Berlin-Mitte am 5. Juni 2021 &#8211; Berlin Pride | CSD Berlin 25.07.2026<\/title>\n<meta name=\"robots\" content=\"index, follow, max-snippet:-1, max-image-preview:large, max-video-preview:-1\" \/>\n<link rel=\"canonical\" href=\"https:\/\/csd-berlin.de\/en\/news\/tuntenspaziergang-in-berlin-mitte-am-5-juni-2021\/\" \/>\n<meta property=\"og:locale\" content=\"en_US\" \/>\n<meta property=\"og:type\" content=\"article\" \/>\n<meta property=\"og:title\" content=\"Tuntenspaziergang in Berlin-Mitte am 5. Juni 2021 &#8211; Berlin Pride | CSD Berlin 25.07.2026\" \/>\n<meta property=\"og:description\" content=\"Der Tuntenspaziergang wurde in den vergangen Jahren von Kay Kiel und Maurus Knowles wieder ins Bewusstsein gerufen und in dem Berliner problembehaftetem Bezirk Neuk\u00f6lln veranstaltet. Die BerlinSisters; Vanessa Karma, Phryne Dexter-Solaris und Sophia Solaris, haben sich davon inspirieren lassen und 2018 den ersten Tuntenspaziergang in Berlin- Mitte veranstaltet.\" \/>\n<meta property=\"og:url\" content=\"https:\/\/csd-berlin.de\/en\/news\/tuntenspaziergang-in-berlin-mitte-am-5-juni-2021\" \/>\n<meta property=\"og:site_name\" content=\"Berlin Pride | CSD Berlin 25.07.2026\" \/>\n<meta property=\"article:publisher\" content=\"https:\/\/facebook.com\/BerlinerCSD\" \/>\n<meta property=\"article:published_time\" content=\"2021-05-19T16:49:15+00:00\" \/>\n<meta name=\"author\" content=\"Ulli Pridat\" \/>\n<meta name=\"twitter:card\" content=\"summary_large_image\" \/>\n<meta name=\"twitter:creator\" content=\"@CSD_Berlin\" \/>\n<meta name=\"twitter:site\" content=\"@CSD_Berlin\" \/>\n<meta name=\"twitter:label1\" content=\"Written by\" \/>\n\t<meta name=\"twitter:data1\" content=\"Ulli Pridat\" \/>\n\t<meta name=\"twitter:label2\" content=\"Est. reading time\" \/>\n\t<meta name=\"twitter:data2\" content=\"1 minute\" \/>\n<script type=\"application\/ld+json\" class=\"yoast-schema-graph\">{\"@context\":\"https:\/\/schema.org\",\"@graph\":[{\"@type\":\"Article\",\"@id\":\"https:\/\/csd-berlin.de\/en\/news\/tuntenspaziergang-in-berlin-mitte-am-5-juni-2021\/#article\",\"isPartOf\":{\"@id\":\"https:\/\/csd-berlin.de\/en\/news\/tuntenspaziergang-in-berlin-mitte-am-5-juni-2021\/\"},\"author\":{\"name\":\"Ulli Pridat\",\"@id\":\"https:\/\/csd-berlin.de\/en\/#\/schema\/person\/6228f0b0ee0094653fd86d27fb21d69f\"},\"headline\":\"Tuntenspaziergang in Berlin-Mitte am 5. Juni 2021\",\"datePublished\":\"2021-05-19T16:49:15+00:00\",\"mainEntityOfPage\":{\"@id\":\"https:\/\/csd-berlin.de\/en\/news\/tuntenspaziergang-in-berlin-mitte-am-5-juni-2021\/\"},\"wordCount\":286,\"publisher\":{\"@id\":\"https:\/\/csd-berlin.de\/en\/#organization\"},\"image\":{\"@id\":\"https:\/\/csd-berlin.de\/en\/news\/tuntenspaziergang-in-berlin-mitte-am-5-juni-2021\/#primaryimage\"},\"thumbnailUrl\":\"https:\/\/csd-berlin.de\/wp-content\/uploads\/2021\/05\/image0-1.jpeg\",\"keywords\":[\"#tuntenspaziergang #sichtbar #berlin #tunten #gaycommunity\"],\"articleSection\":[\"News\"],\"inLanguage\":\"en-US\"},{\"@type\":\"WebPage\",\"@id\":\"https:\/\/csd-berlin.de\/en\/news\/tuntenspaziergang-in-berlin-mitte-am-5-juni-2021\/\",\"url\":\"https:\/\/csd-berlin.de\/en\/news\/tuntenspaziergang-in-berlin-mitte-am-5-juni-2021\/\",\"name\":\"Tuntenspaziergang in Berlin-Mitte am 5. Juni 2021 &#8211; Berlin Pride | CSD Berlin 25.07.2026\",\"isPartOf\":{\"@id\":\"https:\/\/csd-berlin.de\/en\/#website\"},\"primaryImageOfPage\":{\"@id\":\"https:\/\/csd-berlin.de\/en\/news\/tuntenspaziergang-in-berlin-mitte-am-5-juni-2021\/#primaryimage\"},\"image\":{\"@id\":\"https:\/\/csd-berlin.de\/en\/news\/tuntenspaziergang-in-berlin-mitte-am-5-juni-2021\/#primaryimage\"},\"thumbnailUrl\":\"https:\/\/csd-berlin.de\/wp-content\/uploads\/2021\/05\/image0-1.jpeg\",\"datePublished\":\"2021-05-19T16:49:15+00:00\",\"breadcrumb\":{\"@id\":\"https:\/\/csd-berlin.de\/en\/news\/tuntenspaziergang-in-berlin-mitte-am-5-juni-2021\/#breadcrumb\"},\"inLanguage\":\"en-US\",\"potentialAction\":[{\"@type\":\"ReadAction\",\"target\":[\"https:\/\/csd-berlin.de\/en\/news\/tuntenspaziergang-in-berlin-mitte-am-5-juni-2021\/\"]}]},{\"@type\":\"ImageObject\",\"inLanguage\":\"en-US\",\"@id\":\"https:\/\/csd-berlin.de\/en\/news\/tuntenspaziergang-in-berlin-mitte-am-5-juni-2021\/#primaryimage\",\"url\":\"https:\/\/csd-berlin.de\/wp-content\/uploads\/2021\/05\/image0-1.jpeg\",\"contentUrl\":\"https:\/\/csd-berlin.de\/wp-content\/uploads\/2021\/05\/image0-1.jpeg\",\"width\":619,\"height\":412},{\"@type\":\"BreadcrumbList\",\"@id\":\"https:\/\/csd-berlin.de\/en\/news\/tuntenspaziergang-in-berlin-mitte-am-5-juni-2021\/#breadcrumb\",\"itemListElement\":[{\"@type\":\"ListItem\",\"position\":1,\"name\":\"Startseite\",\"item\":\"https:\/\/csd-berlin.de\/en\/\"},{\"@type\":\"ListItem\",\"position\":2,\"name\":\"Tuntenspaziergang in Berlin-Mitte am 5. Juni 2021\"}]},{\"@type\":\"WebSite\",\"@id\":\"https:\/\/csd-berlin.de\/en\/#website\",\"url\":\"https:\/\/csd-berlin.de\/en\/\",\"name\":\"Berlin Pride | CSD Berlin 25.07.2026\",\"description\":\"\",\"publisher\":{\"@id\":\"https:\/\/csd-berlin.de\/en\/#organization\"},\"potentialAction\":[{\"@type\":\"SearchAction\",\"target\":{\"@type\":\"EntryPoint\",\"urlTemplate\":\"https:\/\/csd-berlin.de\/en\/?s={search_term_string}\"},\"query-input\":{\"@type\":\"PropertyValueSpecification\",\"valueRequired\":true,\"valueName\":\"search_term_string\"}}],\"inLanguage\":\"en-US\"},{\"@type\":\"Organization\",\"@id\":\"https:\/\/csd-berlin.de\/en\/#organization\",\"name\":\"Berliner CSD e.V.\",\"alternateName\":\"CSD Berlin\",\"url\":\"https:\/\/csd-berlin.de\/en\/\",\"logo\":{\"@type\":\"ImageObject\",\"inLanguage\":\"en-US\",\"@id\":\"https:\/\/csd-berlin.de\/en\/#\/schema\/logo\/image\/\",\"url\":\"https:\/\/csd-berlin.de\/wp-content\/uploads\/2021\/12\/Bildschirmfoto-2021-12-17-um-18.34.13.jpg\",\"contentUrl\":\"https:\/\/csd-berlin.de\/wp-content\/uploads\/2021\/12\/Bildschirmfoto-2021-12-17-um-18.34.13.jpg\",\"width\":500,\"height\":600,\"caption\":\"Berliner CSD e.V.\"},\"image\":{\"@id\":\"https:\/\/csd-berlin.de\/en\/#\/schema\/logo\/image\/\"},\"sameAs\":[\"https:\/\/facebook.com\/BerlinerCSD\",\"https:\/\/x.com\/CSD_Berlin\",\"https:\/\/www.instagram.com\/csd.berlin.pride\/\"]},{\"@type\":\"Person\",\"@id\":\"https:\/\/csd-berlin.de\/en\/#\/schema\/person\/6228f0b0ee0094653fd86d27fb21d69f\",\"name\":\"Ulli Pridat\",\"image\":{\"@type\":\"ImageObject\",\"inLanguage\":\"en-US\",\"@id\":\"https:\/\/csd-berlin.de\/en\/#\/schema\/person\/image\/\",\"url\":\"https:\/\/secure.gravatar.com\/avatar\/3982d37325c23aa48329711a7f4768f4a7875bee32c8d567fb1bcde956399c87?s=96&d=mm&r=g\",\"contentUrl\":\"https:\/\/secure.gravatar.com\/avatar\/3982d37325c23aa48329711a7f4768f4a7875bee32c8d567fb1bcde956399c87?s=96&d=mm&r=g\",\"caption\":\"Ulli Pridat\"},\"url\":\"https:\/\/csd-berlin.de\/en\/author\/ullicsd-berlin-de\/\"}]}<\/script>\n<!-- \/ Yoast SEO plugin. -->","yoast_head_json":{"title":"Tuntenspaziergang in Berlin-Mitte am 5. Juni 2021 &#8211; Berlin Pride | CSD Berlin 25.07.2026","robots":{"index":"index","follow":"follow","max-snippet":"max-snippet:-1","max-image-preview":"max-image-preview:large","max-video-preview":"max-video-preview:-1"},"canonical":"https:\/\/csd-berlin.de\/en\/news\/tuntenspaziergang-in-berlin-mitte-am-5-juni-2021\/","og_locale":"en_US","og_type":"article","og_title":"Tuntenspaziergang in Berlin-Mitte am 5. Juni 2021 &#8211; Berlin Pride | CSD Berlin 25.07.2026","og_description":"Der Tuntenspaziergang wurde in den vergangen Jahren von Kay Kiel und Maurus Knowles wieder ins Bewusstsein gerufen und in dem Berliner problembehaftetem Bezirk Neuk\u00f6lln veranstaltet. Die BerlinSisters; Vanessa Karma, Phryne Dexter-Solaris und Sophia Solaris, haben sich davon inspirieren lassen und 2018 den ersten Tuntenspaziergang in Berlin- Mitte veranstaltet.","og_url":"https:\/\/csd-berlin.de\/en\/news\/tuntenspaziergang-in-berlin-mitte-am-5-juni-2021","og_site_name":"Berlin Pride | CSD Berlin 25.07.2026","article_publisher":"https:\/\/facebook.com\/BerlinerCSD","article_published_time":"2021-05-19T16:49:15+00:00","author":"Ulli Pridat","twitter_card":"summary_large_image","twitter_creator":"@CSD_Berlin","twitter_site":"@CSD_Berlin","twitter_misc":{"Written by":"Ulli Pridat","Est. reading time":"1 minute"},"schema":{"@context":"https:\/\/schema.org","@graph":[{"@type":"Article","@id":"https:\/\/csd-berlin.de\/en\/news\/tuntenspaziergang-in-berlin-mitte-am-5-juni-2021\/#article","isPartOf":{"@id":"https:\/\/csd-berlin.de\/en\/news\/tuntenspaziergang-in-berlin-mitte-am-5-juni-2021\/"},"author":{"name":"Ulli Pridat","@id":"https:\/\/csd-berlin.de\/en\/#\/schema\/person\/6228f0b0ee0094653fd86d27fb21d69f"},"headline":"Tuntenspaziergang in Berlin-Mitte am 5. Juni 2021","datePublished":"2021-05-19T16:49:15+00:00","mainEntityOfPage":{"@id":"https:\/\/csd-berlin.de\/en\/news\/tuntenspaziergang-in-berlin-mitte-am-5-juni-2021\/"},"wordCount":286,"publisher":{"@id":"https:\/\/csd-berlin.de\/en\/#organization"},"image":{"@id":"https:\/\/csd-berlin.de\/en\/news\/tuntenspaziergang-in-berlin-mitte-am-5-juni-2021\/#primaryimage"},"thumbnailUrl":"https:\/\/csd-berlin.de\/wp-content\/uploads\/2021\/05\/image0-1.jpeg","keywords":["#tuntenspaziergang #sichtbar #berlin #tunten #gaycommunity"],"articleSection":["News"],"inLanguage":"en-US"},{"@type":"WebPage","@id":"https:\/\/csd-berlin.de\/en\/news\/tuntenspaziergang-in-berlin-mitte-am-5-juni-2021\/","url":"https:\/\/csd-berlin.de\/en\/news\/tuntenspaziergang-in-berlin-mitte-am-5-juni-2021\/","name":"Tuntenspaziergang in Berlin-Mitte am 5. Juni 2021 &#8211; Berlin Pride | CSD Berlin 25.07.2026","isPartOf":{"@id":"https:\/\/csd-berlin.de\/en\/#website"},"primaryImageOfPage":{"@id":"https:\/\/csd-berlin.de\/en\/news\/tuntenspaziergang-in-berlin-mitte-am-5-juni-2021\/#primaryimage"},"image":{"@id":"https:\/\/csd-berlin.de\/en\/news\/tuntenspaziergang-in-berlin-mitte-am-5-juni-2021\/#primaryimage"},"thumbnailUrl":"https:\/\/csd-berlin.de\/wp-content\/uploads\/2021\/05\/image0-1.jpeg","datePublished":"2021-05-19T16:49:15+00:00","breadcrumb":{"@id":"https:\/\/csd-berlin.de\/en\/news\/tuntenspaziergang-in-berlin-mitte-am-5-juni-2021\/#breadcrumb"},"inLanguage":"en-US","potentialAction":[{"@type":"ReadAction","target":["https:\/\/csd-berlin.de\/en\/news\/tuntenspaziergang-in-berlin-mitte-am-5-juni-2021\/"]}]},{"@type":"ImageObject","inLanguage":"en-US","@id":"https:\/\/csd-berlin.de\/en\/news\/tuntenspaziergang-in-berlin-mitte-am-5-juni-2021\/#primaryimage","url":"https:\/\/csd-berlin.de\/wp-content\/uploads\/2021\/05\/image0-1.jpeg","contentUrl":"https:\/\/csd-berlin.de\/wp-content\/uploads\/2021\/05\/image0-1.jpeg","width":619,"height":412},{"@type":"BreadcrumbList","@id":"https:\/\/csd-berlin.de\/en\/news\/tuntenspaziergang-in-berlin-mitte-am-5-juni-2021\/#breadcrumb","itemListElement":[{"@type":"ListItem","position":1,"name":"Startseite","item":"https:\/\/csd-berlin.de\/en\/"},{"@type":"ListItem","position":2,"name":"Tuntenspaziergang in Berlin-Mitte am 5. Juni 2021"}]},{"@type":"WebSite","@id":"https:\/\/csd-berlin.de\/en\/#website","url":"https:\/\/csd-berlin.de\/en\/","name":"Berlin Pride | CSD Berlin 25.07.2026","description":"","publisher":{"@id":"https:\/\/csd-berlin.de\/en\/#organization"},"potentialAction":[{"@type":"SearchAction","target":{"@type":"EntryPoint","urlTemplate":"https:\/\/csd-berlin.de\/en\/?s={search_term_string}"},"query-input":{"@type":"PropertyValueSpecification","valueRequired":true,"valueName":"search_term_string"}}],"inLanguage":"en-US"},{"@type":"Organization","@id":"https:\/\/csd-berlin.de\/en\/#organization","name":"Berliner CSD e.V.","alternateName":"CSD Berlin","url":"https:\/\/csd-berlin.de\/en\/","logo":{"@type":"ImageObject","inLanguage":"en-US","@id":"https:\/\/csd-berlin.de\/en\/#\/schema\/logo\/image\/","url":"https:\/\/csd-berlin.de\/wp-content\/uploads\/2021\/12\/Bildschirmfoto-2021-12-17-um-18.34.13.jpg","contentUrl":"https:\/\/csd-berlin.de\/wp-content\/uploads\/2021\/12\/Bildschirmfoto-2021-12-17-um-18.34.13.jpg","width":500,"height":600,"caption":"Berliner CSD e.V."},"image":{"@id":"https:\/\/csd-berlin.de\/en\/#\/schema\/logo\/image\/"},"sameAs":["https:\/\/facebook.com\/BerlinerCSD","https:\/\/x.com\/CSD_Berlin","https:\/\/www.instagram.com\/csd.berlin.pride\/"]},{"@type":"Person","@id":"https:\/\/csd-berlin.de\/en\/#\/schema\/person\/6228f0b0ee0094653fd86d27fb21d69f","name":"Ulli Pridat","image":{"@type":"ImageObject","inLanguage":"en-US","@id":"https:\/\/csd-berlin.de\/en\/#\/schema\/person\/image\/","url":"https:\/\/secure.gravatar.com\/avatar\/3982d37325c23aa48329711a7f4768f4a7875bee32c8d567fb1bcde956399c87?s=96&d=mm&r=g","contentUrl":"https:\/\/secure.gravatar.com\/avatar\/3982d37325c23aa48329711a7f4768f4a7875bee32c8d567fb1bcde956399c87?s=96&d=mm&r=g","caption":"Ulli Pridat"},"url":"https:\/\/csd-berlin.de\/en\/author\/ullicsd-berlin-de\/"}]}},"_links":{"self":[{"href":"https:\/\/csd-berlin.de\/en\/wp-json\/wp\/v2\/posts\/7034","targetHints":{"allow":["GET"]}}],"collection":[{"href":"https:\/\/csd-berlin.de\/en\/wp-json\/wp\/v2\/posts"}],"about":[{"href":"https:\/\/csd-berlin.de\/en\/wp-json\/wp\/v2\/types\/post"}],"author":[{"embeddable":true,"href":"https:\/\/csd-berlin.de\/en\/wp-json\/wp\/v2\/users\/5"}],"replies":[{"embeddable":true,"href":"https:\/\/csd-berlin.de\/en\/wp-json\/wp\/v2\/comments?post=7034"}],"version-history":[{"count":0,"href":"https:\/\/csd-berlin.de\/en\/wp-json\/wp\/v2\/posts\/7034\/revisions"}],"wp:featuredmedia":[{"embeddable":true,"href":"https:\/\/csd-berlin.de\/en\/wp-json\/wp\/v2\/media\/5045"}],"wp:attachment":[{"href":"https:\/\/csd-berlin.de\/en\/wp-json\/wp\/v2\/media?parent=7034"}],"wp:term":[{"taxonomy":"category","embeddable":true,"href":"https:\/\/csd-berlin.de\/en\/wp-json\/wp\/v2\/categories?post=7034"},{"taxonomy":"post_tag","embeddable":true,"href":"https:\/\/csd-berlin.de\/en\/wp-json\/wp\/v2\/tags?post=7034"}],"curies":[{"name":"wp","href":"https:\/\/api.w.org\/{rel}","templated":true}]}}